{"id":1200,"date":"2020-11-18T06:58:20","date_gmt":"2020-11-18T05:58:20","guid":{"rendered":"http:\/\/fwg-woellstadt.de\/?p=1200"},"modified":"2020-11-18T07:00:43","modified_gmt":"2020-11-18T06:00:43","slug":"fwg-will-den-bahnhof-vorplatz-modernisieren","status":"publish","type":"post","link":"http:\/\/fwg-woellstadt.de\/index.php\/2020\/11\/18\/fwg-will-den-bahnhof-vorplatz-modernisieren\/","title":{"rendered":"FWG will den Bahnhof-Vorplatz modernisieren"},"content":{"rendered":"\n<p>Die Freie W\u00e4hlergemeinschaft hat einen weiteren Antrag gestellt, der am kommenden Mittwoch im Haupt- und Finanzausschuss behandelt wird. Der Gemeindevorstand soll den Vorplatz des Bahnhofsgel\u00e4ndes kaufen und dann modernisieren. \u201eZiel ist den Kauf der Fl\u00e4che mit den Sanierungsma\u00dfnahmen in das F\u00f6rderprogramm Aktive Kerne aufzunehmen, wobei man mit einer F\u00f6rderung von ca. 2\/3 der Gesamtkosten ausgehen kann\u201c, hei\u00dft es in dem Antrag der FWG. <\/p>\n\n\n\n<p>\u201eViele B\u00fcrgerinnen und B\u00fcrger haben uns angesprochen und den schlechten Zustand des Vorplatzes moniert\u201c, sagte die stellvertretende FWG-Fraktionsvorsitzende Cornelia Ihl-Wagner. Die Fraktion der Freien W\u00e4hlergemeinschaft will eine Aufwertung des gesamten Bereichs durch eine ganzheitliche Modernisierung. Gerade im Herbst und Winter sind hier viele Pf\u00fctzen und die \u201eGr\u00fcnfl\u00e4che\u201c wird von der Bahn als Eigent\u00fcmerin vernachl\u00e4ssigt. \u201eWir wollen auch erreichen, dass an dieser Stelle die Busanbindung nachhaltig gesichert wird\u201c, sagte die FWG-Gemeindevertreterin Bianca Best. Eventuell modernisiert die Bahn das Gel\u00e4nde, wenn die Bahnstrecke ausgebaut wird. \u201eWann und ob dies passiert, kann niemand sagen und das dauert uns so zu lange. Es soll jetzt etwas passieren. Das F\u00f6rderprogramm bietet die gute Gelegenheit diese Stadtentwicklung voranzubringen\u201c, erkl\u00e4rte der FWG-Fraktionsvorsitzende Sebastian Briel.<\/p>\n","protected":false},"excerpt":{"rendered":"<div class=\"mh-excerpt\"><p>Die Freie W\u00e4hlergemeinschaft hat einen weiteren Antrag gestellt, der am kommenden Mittwoch im Haupt- und Finanzausschuss behandelt wird. Der Gemeindevorstand soll den Vorplatz des Bahnhofsgel\u00e4ndes kaufen und dann modernisieren. \u201eZiel ist den Kauf der Fl\u00e4che <a class=\"mh-excerpt-more\" href=\"http:\/\/fwg-woellstadt.de\/index.php\/2020\/11\/18\/fwg-will-den-bahnhof-vorplatz-modernisieren\/\" title=\"FWG will den Bahnhof-Vorplatz modernisieren\">[&#8230;]<\/a><\/p>\n<\/div>","protected":false},"author":2,"featured_media":1203,"comment_status":"closed","ping_status":"open","sticky":false,"template":"","format":"standard","meta":{"_EventAllDay":false,"_EventTimezone":"","_EventStartDate":"","_EventEndDate":"","_EventStartDateUTC":"","_EventEndDateUTC":"","_EventShowMap":false,"_EventShowMapLink":false,"_EventURL":"","_EventCost":"","_EventCostDescription":"","_EventCurrencySymbol":"","_EventCurrencyCode":"","_EventCurrencyPosition":"","_EventDateTimeSeparator":"","_EventTimeRangeSeparator":"","_EventOrganizerID":[],"_EventVenueID":[],"_OrganizerEmail":"","_OrganizerPhone":"","_OrganizerWebsite":"","_VenueAddress":"","_VenueCity":"","_VenueCountry":"","_VenueProvince":"","_VenueState":"","_VenueZip":"","_VenuePhone":"","_VenueURL":"","_VenueStateProvince":"","_VenueLat":"","_VenueLng":"","_VenueShowMap":false,"_VenueShowMapLink":false,"footnotes":""},"categories":[2],"tags":[79,49],"class_list":["post-1200","post","type-post","status-publish","format-standard","has-post-thumbnail","category-gemeindepolitik","tag-bahnhof","tag-oepnv"],"_links":{"self":[{"href":"http:\/\/fwg-woellstadt.de\/index.php\/wp-json\/wp\/v2\/posts\/1200","targetHints":{"allow":["GET"]}}],"collection":[{"href":"http:\/\/fwg-woellstadt.de\/index.php\/wp-json\/wp\/v2\/posts"}],"about":[{"href":"http:\/\/fwg-woellstadt.de\/index.php\/wp-json\/wp\/v2\/types\/post"}],"author":[{"embeddable":true,"href":"http:\/\/fwg-woellstadt.de\/index.php\/wp-json\/wp\/v2\/users\/2"}],"replies":[{"embeddable":true,"href":"http:\/\/fwg-woellstadt.de\/index.php\/wp-json\/wp\/v2\/comments?post=1200"}],"version-history":[{"count":1,"href":"http:\/\/fwg-woellstadt.de\/index.php\/wp-json\/wp\/v2\/posts\/1200\/revisions"}],"predecessor-version":[{"id":1201,"href":"http:\/\/fwg-woellstadt.de\/index.php\/wp-json\/wp\/v2\/posts\/1200\/revisions\/1201"}],"wp:featuredmedia":[{"embeddable":true,"href":"http:\/\/fwg-woellstadt.de\/index.php\/wp-json\/wp\/v2\/media\/1203"}],"wp:attachment":[{"href":"http:\/\/fwg-woellstadt.de\/index.php\/wp-json\/wp\/v2\/media?parent=1200"}],"wp:term":[{"taxonomy":"category","embeddable":true,"href":"http:\/\/fwg-woellstadt.de\/index.php\/wp-json\/wp\/v2\/categories?post=1200"},{"taxonomy":"post_tag","embeddable":true,"href":"http:\/\/fwg-woellstadt.de\/index.php\/wp-json\/wp\/v2\/tags?post=1200"}],"curies":[{"name":"wp","href":"https:\/\/api.w.org\/{rel}","templated":true}]}}