{"id":1219,"date":"2020-11-21T09:09:36","date_gmt":"2020-11-21T08:09:36","guid":{"rendered":"http:\/\/fwg-woellstadt.de\/?p=1219"},"modified":"2020-11-28T10:03:04","modified_gmt":"2020-11-28T09:03:04","slug":"fwg-fuehrt-online-buergerbefragung-zum-thema-verkehrssicherheit-durch","status":"publish","type":"post","link":"http:\/\/fwg-woellstadt.de\/index.php\/2020\/11\/21\/fwg-fuehrt-online-buergerbefragung-zum-thema-verkehrssicherheit-durch\/","title":{"rendered":"FWG f\u00fchrt Online-B\u00fcrgerbefragung zum Thema Verkehrssicherheit durch"},"content":{"rendered":"\n<p>Die Freie W\u00e4hlergemeinschaft hat <a aria-label=\"nach dem gro\u00dfen Erfolg der ersten Umfrage (opens in a new tab)\" href=\"http:\/\/fwg-woellstadt.de\/wp-content\/uploads\/2020\/11\/20201107-Ergebnisse-Umfrage-1.pdf\" target=\"_blank\" rel=\"noreferrer noopener\" class=\"rank-math-link\">nach dem gro\u00dfen Erfolg der ersten Umfrage<\/a> eine neue B\u00fcrgerbefragung online gestellt. Themen sind diesmal Verkehrssicherheit, die Umgehungsstra\u00dfe, Mobilit\u00e4t und Fahrradwege.<\/p>\n\n\n\n<figure class=\"wp-block-pullquote is-style-default\" style=\"border-color:#ff6900\"><blockquote><p>Die FWG-B\u00fcrgerbefragung ist unter <a href=\"https:\/\/umfrage2.fwg-woellstadt.de\" target=\"_blank\" aria-label=\" (opens in a new tab)\" rel=\"noreferrer noopener\" class=\"rank-math-link\">https:\/\/umfrage2.fwg-woellstadt.de<\/a> verf\u00fcgbar.<\/p><\/blockquote><\/figure>\n\n\n\n<p><\/p>\n\n\n\n<p>2017 wurde die Umgehungsstra\u00dfe er\u00f6ffnet. Die FWG fragt in der neuen Befragung: &#8222;Wie hat sich die Situation in W\u00f6llstadt seither ver\u00e4ndert. Wie zufrieden sind Sie mit der Verkehrssicherheit? Was m\u00fcsste verbessert werden? Und was ist mit dem \u00d6PNV und den Fahrradwegen?&#8220;<\/p>\n\n\n\n<p>&#8222;Verkehr und Mobilit\u00e4t sind f\u00fcr die Freie W\u00e4hlergemeinschaft zentrale Themen. Die Antworten arbeiten wir in unser B\u00fcrgerprogramm zur Kommunalwahl ein. Sie k\u00f6nnen sich mit Ihrer Teilnahme also direkt in die Gemeindepolitik von W\u00f6llstadt einbringen&#8220;, sagte der FWG-Fraktionsvorsitzende Sebastian Briel. F\u00fcr die Freie W\u00e4hlergemeinschaft ist B\u00fcrgerbeteiligung ein wichtiges Instrument, um die Meinung der W\u00f6llst\u00e4dter in die politische Diskussion einzubringen. \u201eInsbesondere w\u00e4hrend Corona k\u00f6nnen Sie sich so in der Gemeindepolitik beteiligen\u201c, erkl\u00e4rte der Vorsitzende des FWG-Vereins Dieter Bonrath.<\/p>\n\n\n\n<p>Die Umfrage mit rund 15 Fragen dauert etwa f\u00fcnf bis f\u00fcnfzehn Minuten. Die FWG-B\u00fcrgerbefragung ist unter <a href=\"https:\/\/umfrage2.fwg-woellstadt.de\" class=\"rank-math-link\">https:\/\/umfrage2.fwg-woellstadt.de<\/a> verf\u00fcgbar. Am Ende wird aus statistischen Gr\u00fcnden Alter, Geschlecht und Ortsteil abgefragt. Keine Sorge: Die Umfrage ist anonym. Wir haben uns bewusst f\u00fcr einen Anbieter aus Deutschland entschieden, um Datensicherheit zu gew\u00e4hrleisten.<\/p>\n\n\n\n<p>Die FWG-Fraktion hat in den letzten 5 Jahren unter anderem folgende Antr\u00e4ge und Anfragen eingebracht:<\/p>\n\n\n\n<ul class=\"wp-block-list\"><li><a aria-label=\" (opens in a new tab)\" rel=\"noreferrer noopener\" class=\"rank-math-link\" href=\"http:\/\/fwg-woellstadt.de\/index.php\/2018\/02\/19\/parkplatzsituation-am-kindergarten-soll-verbessert-werden\/\" target=\"_blank\">Parkplatzsituation am Kindergarten soll verbessert werden<\/a><\/li><li><a aria-label=\"Gr\u00fcnphasen bei der Kreuzung werden l\u00e4nger (opens in a new tab)\" rel=\"noreferrer noopener\" class=\"rank-math-link\" href=\"http:\/\/fwg-woellstadt.de\/index.php\/2018\/02\/20\/gruenphasen-bei-der-kreuzung-werden-laenger\/\" target=\"_blank\">Gr\u00fcnphasen bei der Kreuzung werden l\u00e4nger<\/a><\/li><li><a aria-label=\"Gefahrenstelle auf dem Fahrradweg zwischen den Ortsteilen (opens in a new tab)\" rel=\"noreferrer noopener\" class=\"rank-math-link\" href=\"http:\/\/fwg-woellstadt.de\/index.php\/2018\/02\/21\/bericht-aus-gemeindevertretung\/\" target=\"_blank\">Gefahrenstelle auf dem Fahrradweg zwischen den Ortsteilen<\/a><\/li><li><a aria-label=\"Verkehrssicherheit Ortseingang Nieder-W\u00f6llstadt mit Bushaltestelle (opens in a new tab)\" rel=\"noreferrer noopener\" class=\"rank-math-link\" href=\"http:\/\/fwg-woellstadt.de\/index.php\/2018\/08\/23\/faktencheck-cdu-zur-verkehrssicherheit\/\" target=\"_blank\">Verkehrssicherheit Ortseingang Nieder-W\u00f6llstadt mit Bushaltestelle<\/a><\/li><li><a aria-label=\"Verbesserung der Verkehrssicherheit in Nieder- und Ober-W\u00f6llstadt (opens in a new tab)\" rel=\"noreferrer noopener\" class=\"rank-math-link\" href=\"http:\/\/fwg-woellstadt.de\/index.php\/2020\/02\/01\/verbesserung-der-verkehrssicherheit-in-nieder-und-ober-woellstadt\/\" target=\"_blank\">Verbesserung der Verkehrssicherheit in Nieder- und Ober-W\u00f6llstadt<\/a><\/li><li><a aria-label=\"Verbesserung der Parksituation (opens in a new tab)\" rel=\"noreferrer noopener\" class=\"rank-math-link\" href=\"http:\/\/fwg-woellstadt.de\/index.php\/2020\/05\/25\/antrag-verbesserung-der-parksituation\/\" target=\"_blank\">Verbesserung der Parkplatzsituation<\/a><\/li><\/ul>\n","protected":false},"excerpt":{"rendered":"<div class=\"mh-excerpt\"><p>Die Freie W\u00e4hlergemeinschaft hat nach dem gro\u00dfen Erfolg der ersten Umfrage eine neue B\u00fcrgerbefragung online gestellt. Themen sind diesmal Verkehrssicherheit, die Umgehungsstra\u00dfe, Mobilit\u00e4t und Fahrradwege. Die FWG-B\u00fcrgerbefragung ist unter https:\/\/umfrage2.fwg-woellstadt.de verf\u00fcgbar. 2017 wurde die Umgehungsstra\u00dfe <a class=\"mh-excerpt-more\" href=\"http:\/\/fwg-woellstadt.de\/index.php\/2020\/11\/21\/fwg-fuehrt-online-buergerbefragung-zum-thema-verkehrssicherheit-durch\/\" title=\"FWG f\u00fchrt Online-B\u00fcrgerbefragung zum Thema Verkehrssicherheit durch\">[&#8230;]<\/a><\/p>\n<\/div>","protected":false},"author":2,"featured_media":1234,"comment_status":"closed","ping_status":"open","sticky":false,"template":"","format":"standard","meta":{"_EventAllDay":false,"_EventTimezone":"","_EventStartDate":"","_EventEndDate":"","_EventStartDateUTC":"","_EventEndDateUTC":"","_EventShowMap":false,"_EventShowMapLink":false,"_EventURL":"","_EventCost":"","_EventCostDescription":"","_EventCurrencySymbol":"","_EventCurrencyCode":"","_EventCurrencyPosition":"","_EventDateTimeSeparator":"","_EventTimeRangeSeparator":"","_EventOrganizerID":[],"_EventVenueID":[],"_OrganizerEmail":"","_OrganizerPhone":"","_OrganizerWebsite":"","_VenueAddress":"","_VenueCity":"","_VenueCountry":"","_VenueProvince":"","_VenueState":"","_VenueZip":"","_VenuePhone":"","_VenueURL":"","_VenueStateProvince":"","_VenueLat":"","_VenueLng":"","_VenueShowMap":false,"_VenueShowMapLink":false,"footnotes":""},"categories":[2],"tags":[47,49,57,59],"class_list":["post-1219","post","type-post","status-publish","format-standard","has-post-thumbnail","category-gemeindepolitik","tag-fwg-buergerbefragung","tag-oepnv","tag-radfahren","tag-verkehrssicherheit"],"_links":{"self":[{"href":"http:\/\/fwg-woellstadt.de\/index.php\/wp-json\/wp\/v2\/posts\/1219","targetHints":{"allow":["GET"]}}],"collection":[{"href":"http:\/\/fwg-woellstadt.de\/index.php\/wp-json\/wp\/v2\/posts"}],"about":[{"href":"http:\/\/fwg-woellstadt.de\/index.php\/wp-json\/wp\/v2\/types\/post"}],"author":[{"embeddable":true,"href":"http:\/\/fwg-woellstadt.de\/index.php\/wp-json\/wp\/v2\/users\/2"}],"replies":[{"embeddable":true,"href":"http:\/\/fwg-woellstadt.de\/index.php\/wp-json\/wp\/v2\/comments?post=1219"}],"version-history":[{"count":4,"href":"http:\/\/fwg-woellstadt.de\/index.php\/wp-json\/wp\/v2\/posts\/1219\/revisions"}],"predecessor-version":[{"id":1225,"href":"http:\/\/fwg-woellstadt.de\/index.php\/wp-json\/wp\/v2\/posts\/1219\/revisions\/1225"}],"wp:featuredmedia":[{"embeddable":true,"href":"http:\/\/fwg-woellstadt.de\/index.php\/wp-json\/wp\/v2\/media\/1234"}],"wp:attachment":[{"href":"http:\/\/fwg-woellstadt.de\/index.php\/wp-json\/wp\/v2\/media?parent=1219"}],"wp:term":[{"taxonomy":"category","embeddable":true,"href":"http:\/\/fwg-woellstadt.de\/index.php\/wp-json\/wp\/v2\/categories?post=1219"},{"taxonomy":"post_tag","embeddable":true,"href":"http:\/\/fwg-woellstadt.de\/index.php\/wp-json\/wp\/v2\/tags?post=1219"}],"curies":[{"name":"wp","href":"https:\/\/api.w.org\/{rel}","templated":true}]}}