{"id":1231,"date":"2020-11-28T09:51:23","date_gmt":"2020-11-28T08:51:23","guid":{"rendered":"http:\/\/fwg-woellstadt.de\/?p=1231"},"modified":"2020-11-28T10:03:24","modified_gmt":"2020-11-28T09:03:24","slug":"fwg-buergerbefragung-ihre-meinung-zur-verkehrssicherheit-ist-gefragt","status":"publish","type":"post","link":"http:\/\/fwg-woellstadt.de\/index.php\/2020\/11\/28\/fwg-buergerbefragung-ihre-meinung-zur-verkehrssicherheit-ist-gefragt\/","title":{"rendered":"FWG-B\u00fcrgerbefragung: Ihre Meinung zur Verkehrssicherheit ist gefragt."},"content":{"rendered":"\n<p>Die Online-Befragung der Freien W\u00e4hlergemeinschaft l\u00e4uft jetzt seit einer Woche und es haben fast 100 Personen mitgemacht. Verkehr und Mobilit\u00e4t sind f\u00fcr die Freie W\u00e4hlergemeinschaft zentrale Themen. Wie hat sich die Situation dank der Umgehungsstra\u00dfe in W\u00f6llstadt seither ver\u00e4ndert? Wie zufrieden sind Sie mit der Verkehrssicherheit? Was m\u00fcsste verbessert werden? Und was ist mit dem \u00d6PNV und den Fahrradwegen? &#8222;Die Antworten arbeiten wir in unser B\u00fcrgerprogramm zur Kommunalwahl ein. Sie k\u00f6nnen sich mit Ihrer Teilnahme also direkt in die Gemeindepolitik von W\u00f6llstadt einbringen&#8220;, sagte der FWG-Fraktionsvorsitzende Sebastian Briel. Die Befragung wird noch bis Anfang Dezember laufen.<\/p>\n\n\n\n<p>Wer bis jetzt noch nicht teilgenommen hat, kann die B\u00fcrgerbefragung unter <a href=\"https:\/\/umfrage.fwg-woellstadt.de\" class=\"rank-math-link\">https:\/\/umfrage2.fwg-woellstadt.de<\/a> aufrufen.<\/p>\n","protected":false},"excerpt":{"rendered":"<div class=\"mh-excerpt\"><p>Die Online-Befragung der Freien W\u00e4hlergemeinschaft l\u00e4uft jetzt seit einer Woche und es haben fast 100 Personen mitgemacht. Verkehr und Mobilit\u00e4t sind f\u00fcr die Freie W\u00e4hlergemeinschaft zentrale Themen. Wie hat sich die Situation dank der Umgehungsstra\u00dfe <a class=\"mh-excerpt-more\" href=\"http:\/\/fwg-woellstadt.de\/index.php\/2020\/11\/28\/fwg-buergerbefragung-ihre-meinung-zur-verkehrssicherheit-ist-gefragt\/\" title=\"FWG-B\u00fcrgerbefragung: Ihre Meinung zur Verkehrssicherheit ist gefragt.\">[&#8230;]<\/a><\/p>\n<\/div>","protected":false},"author":2,"featured_media":1232,"comment_status":"closed","ping_status":"open","sticky":false,"template":"","format":"standard","meta":{"_EventAllDay":false,"_EventTimezone":"","_EventStartDate":"","_EventEndDate":"","_EventStartDateUTC":"","_EventEndDateUTC":"","_EventShowMap":false,"_EventShowMapLink":false,"_EventURL":"","_EventCost":"","_EventCostDescription":"","_EventCurrencySymbol":"","_EventCurrencyCode":"","_EventCurrencyPosition":"","_EventDateTimeSeparator":"","_EventTimeRangeSeparator":"","_EventOrganizerID":[],"_EventVenueID":[],"_OrganizerEmail":"","_OrganizerPhone":"","_OrganizerWebsite":"","_VenueAddress":"","_VenueCity":"","_VenueCountry":"","_VenueProvince":"","_VenueState":"","_VenueZip":"","_VenuePhone":"","_VenueURL":"","_VenueStateProvince":"","_VenueLat":"","_VenueLng":"","_VenueShowMap":false,"_VenueShowMapLink":false,"footnotes":""},"categories":[2],"tags":[47,49,57,59],"class_list":["post-1231","post","type-post","status-publish","format-standard","has-post-thumbnail","category-gemeindepolitik","tag-fwg-buergerbefragung","tag-oepnv","tag-radfahren","tag-verkehrssicherheit"],"_links":{"self":[{"href":"http:\/\/fwg-woellstadt.de\/index.php\/wp-json\/wp\/v2\/posts\/1231","targetHints":{"allow":["GET"]}}],"collection":[{"href":"http:\/\/fwg-woellstadt.de\/index.php\/wp-json\/wp\/v2\/posts"}],"about":[{"href":"http:\/\/fwg-woellstadt.de\/index.php\/wp-json\/wp\/v2\/types\/post"}],"author":[{"embeddable":true,"href":"http:\/\/fwg-woellstadt.de\/index.php\/wp-json\/wp\/v2\/users\/2"}],"replies":[{"embeddable":true,"href":"http:\/\/fwg-woellstadt.de\/index.php\/wp-json\/wp\/v2\/comments?post=1231"}],"version-history":[{"count":1,"href":"http:\/\/fwg-woellstadt.de\/index.php\/wp-json\/wp\/v2\/posts\/1231\/revisions"}],"predecessor-version":[{"id":1233,"href":"http:\/\/fwg-woellstadt.de\/index.php\/wp-json\/wp\/v2\/posts\/1231\/revisions\/1233"}],"wp:featuredmedia":[{"embeddable":true,"href":"http:\/\/fwg-woellstadt.de\/index.php\/wp-json\/wp\/v2\/media\/1232"}],"wp:attachment":[{"href":"http:\/\/fwg-woellstadt.de\/index.php\/wp-json\/wp\/v2\/media?parent=1231"}],"wp:term":[{"taxonomy":"category","embeddable":true,"href":"http:\/\/fwg-woellstadt.de\/index.php\/wp-json\/wp\/v2\/categories?post=1231"},{"taxonomy":"post_tag","embeddable":true,"href":"http:\/\/fwg-woellstadt.de\/index.php\/wp-json\/wp\/v2\/tags?post=1231"}],"curies":[{"name":"wp","href":"https:\/\/api.w.org\/{rel}","templated":true}]}}