{"id":1256,"date":"2020-12-07T23:34:06","date_gmt":"2020-12-07T22:34:06","guid":{"rendered":"http:\/\/fwg-woellstadt.de\/?p=1256"},"modified":"2020-12-07T23:34:06","modified_gmt":"2020-12-07T22:34:06","slug":"fwg-kritisiert-dass-erneut-ausschusssitzungen-ausfallen","status":"publish","type":"post","link":"http:\/\/fwg-woellstadt.de\/index.php\/2020\/12\/07\/fwg-kritisiert-dass-erneut-ausschusssitzungen-ausfallen\/","title":{"rendered":"FWG kritisiert, dass erneut Ausschusssitzungen ausfallen"},"content":{"rendered":"\n<p>Nachdem im November bereits Ausschusssitzungen ausgefallen sind, wurde jetzt f\u00fcr Dezember erneut der Bau-, Planungs- und Umweltausschuss sowie der Sozial-, Kultur- und Sportausschuss abgesagt. Erst auf Nachfrage der FWG erkl\u00e4rten die beiden Ausschussvorsitzenden von der CDU, dass es aufgrund der Corona-Pandemie die Sitzungen abgesagt wurden. Nat\u00fcrlich ist der Pandemieschutz der FWG wichtig, aber w\u00e4re es nicht m\u00f6glich gewesen wie der Haupt- und Finanzausschuss zu tagen? In dem Ausschuss sind jeweils 5 Personen sowie B\u00fcrgermeister und ein Schriftf\u00fchrer anwesend. Die R\u00f6merhalle ist ca. 650 qm gro\u00df. Das w\u00fcrde f\u00fcr jeden Sitzungsteilnehmer eine Fl\u00e4che von 93 qm bedeuten. Ferner wurde die Hessische Gemeindeordnung angepasst, sodass Beschl\u00fcsse sogar auch im Umlaufverfahren m\u00f6glich sind und vorher zum Beispiel \u00fcber eine Telefon- oder Videokonferenz besprochen werden k\u00f6nnen. &#8222;Offensichtlich hat die CDU den Politikbetrieb in den beiden Aussch\u00fcssen eingestellt und will sich nicht mehr mit den Aufgaben Bauen, Umwelt, Kultur und Sport besch\u00e4ftigen&#8220;, sagte der FWG-Fraktionsvorsitzende Sebastian Briel.<\/p>\n\n\n\n<p>F\u00fcr die Freie W\u00e4hlergemeinschaft ist dieses Verhalten der Ausschussvorsitzenden von der CDU nicht nachvollziehbar. Stehen doch f\u00fcr diese Aussch\u00fcsse gerade zurzeit viele wichtige Themen an. Der Sport- und Kulturauschuss m\u00fcsste sich unter anderem mit der neuen Sport- und B\u00fcrgerhaushalle besch\u00e4ftigen. Hier k\u00f6nnte die Befragung der Vereine vom Fr\u00fchling besprochen werden. Der Bauausschuss ist auch f\u00fcr Umweltthemen zust\u00e4ndig und k\u00f6nnte unter anderem die FWG-Antr\u00e4ge zum Klimaschutz behandeln. &#8222;Der Bau-Ausschussvorsitzende Herr Dangelmeier von der CDU verweist darauf, dass die Themen im Haupt- und Finanzausschuss behandelt werden. Diese Aussage wirkt fast wie blanker Hohn&#8220;, \u00e4rgert sich der stellvertretende FWG-Fraktionsvorsitzende Udo Sch\u00e4fer. Die letzte Sitzung des Haupt- und Finanzausschusses wurde, bevor \u00fcber den FWG-Antrag zu einem Klimaschutzkonzept gesprochen werden konnte, von der absoluten Mehrheit der CDU abgebrochen, da es schon 22 Uhr war. &#8222;Dieses ganze Chaos ist nat\u00fcrlich auch das Resultat, wenn die CDU konsequent Ausschusssitzungen absagt und alle Themen an einem Abend besprochen werden sollen&#8220;, sagte der FWG-Vertreter im Haupt- und Finanzausschuss Gerhard Schlautek. Jetzt haben beide Aussch\u00fcsse bereits seit September nicht mehr getagt. \u201eSchade, dass die CDU unseren Antrag nicht behandeln will. Hier zeigt sich wieder, wie die absolute Mehrheit der CDU Politik macht&#8220;, sagte Briel.<\/p>\n","protected":false},"excerpt":{"rendered":"<div class=\"mh-excerpt\"><p>Nachdem im November bereits Ausschusssitzungen ausgefallen sind, wurde jetzt f\u00fcr Dezember erneut der Bau-, Planungs- und Umweltausschuss sowie der Sozial-, Kultur- und Sportausschuss abgesagt. Erst auf Nachfrage der FWG erkl\u00e4rten die beiden Ausschussvorsitzenden von der <a class=\"mh-excerpt-more\" href=\"http:\/\/fwg-woellstadt.de\/index.php\/2020\/12\/07\/fwg-kritisiert-dass-erneut-ausschusssitzungen-ausfallen\/\" title=\"FWG kritisiert, dass erneut Ausschusssitzungen ausfallen\">[&#8230;]<\/a><\/p>\n<\/div>","protected":false},"author":2,"featured_media":1260,"comment_status":"closed","ping_status":"open","sticky":false,"template":"","format":"standard","meta":{"_EventAllDay":false,"_EventTimezone":"","_EventStartDate":"","_EventEndDate":"","_EventStartDateUTC":"","_EventEndDateUTC":"","_EventShowMap":false,"_EventShowMapLink":false,"_EventURL":"","_EventCost":"","_EventCostDescription":"","_EventCurrencySymbol":"","_EventCurrencyCode":"","_EventCurrencyPosition":"","_EventDateTimeSeparator":"","_EventTimeRangeSeparator":"","_EventOrganizerID":[],"_EventVenueID":[],"_OrganizerEmail":"","_OrganizerPhone":"","_OrganizerWebsite":"","_VenueAddress":"","_VenueCity":"","_VenueCountry":"","_VenueProvince":"","_VenueState":"","_VenueZip":"","_VenuePhone":"","_VenueURL":"","_VenueStateProvince":"","_VenueLat":"","_VenueLng":"","_VenueShowMap":false,"_VenueShowMapLink":false,"footnotes":""},"categories":[2],"tags":[82,42,44,80,43,53],"class_list":["post-1256","post","type-post","status-publish","format-standard","has-post-thumbnail","category-gemeindepolitik","tag-absolute-cdu-mehrheit-abwaehlen","tag-buergerhaus","tag-kulturhalle","tag-nachhaltigkeit","tag-sporthalle","tag-umwelt"],"_links":{"self":[{"href":"http:\/\/fwg-woellstadt.de\/index.php\/wp-json\/wp\/v2\/posts\/1256","targetHints":{"allow":["GET"]}}],"collection":[{"href":"http:\/\/fwg-woellstadt.de\/index.php\/wp-json\/wp\/v2\/posts"}],"about":[{"href":"http:\/\/fwg-woellstadt.de\/index.php\/wp-json\/wp\/v2\/types\/post"}],"author":[{"embeddable":true,"href":"http:\/\/fwg-woellstadt.de\/index.php\/wp-json\/wp\/v2\/users\/2"}],"replies":[{"embeddable":true,"href":"http:\/\/fwg-woellstadt.de\/index.php\/wp-json\/wp\/v2\/comments?post=1256"}],"version-history":[{"count":1,"href":"http:\/\/fwg-woellstadt.de\/index.php\/wp-json\/wp\/v2\/posts\/1256\/revisions"}],"predecessor-version":[{"id":1257,"href":"http:\/\/fwg-woellstadt.de\/index.php\/wp-json\/wp\/v2\/posts\/1256\/revisions\/1257"}],"wp:featuredmedia":[{"embeddable":true,"href":"http:\/\/fwg-woellstadt.de\/index.php\/wp-json\/wp\/v2\/media\/1260"}],"wp:attachment":[{"href":"http:\/\/fwg-woellstadt.de\/index.php\/wp-json\/wp\/v2\/media?parent=1256"}],"wp:term":[{"taxonomy":"category","embeddable":true,"href":"http:\/\/fwg-woellstadt.de\/index.php\/wp-json\/wp\/v2\/categories?post=1256"},{"taxonomy":"post_tag","embeddable":true,"href":"http:\/\/fwg-woellstadt.de\/index.php\/wp-json\/wp\/v2\/tags?post=1256"}],"curies":[{"name":"wp","href":"https:\/\/api.w.org\/{rel}","templated":true}]}}