{"id":1269,"date":"2020-12-09T19:35:48","date_gmt":"2020-12-09T18:35:48","guid":{"rendered":"http:\/\/fwg-woellstadt.de\/?p=1269"},"modified":"2020-12-09T19:35:49","modified_gmt":"2020-12-09T18:35:49","slug":"100-woellstaedter-kandidieren-fuer-die-fwg","status":"publish","type":"post","link":"http:\/\/fwg-woellstadt.de\/index.php\/2020\/12\/09\/100-woellstaedter-kandidieren-fuer-die-fwg\/","title":{"rendered":"100 W\u00f6llst\u00e4dter kandidieren f\u00fcr die FWG"},"content":{"rendered":"\n<p>Der FWG-Fraktionsvorsitzende Sebastian Briel f\u00fchrt bei der Kommunalwahl am 14.3. die Liste der FWG W\u00f6llstadt an. Insgesamt stehen 100 W\u00f6llst\u00e4dterinnen und W\u00f6llst\u00e4dter auf dem Wahlvorschlag der Freien W\u00e4hlergemeinschaft. Auf der FWG-Liste finde man einen Querschnitt durch die Bev\u00f6lkerung. &#8222;Wir haben erfahrene Kr\u00e4fte aber auch junge, motivierte Menschen, die n\u00e4chstes Jahr das erste Mal in unserem Team kandidieren. Mit unserem guten Mix an Berufsgruppen und unterschiedlichen Lebenssituationen sind wir Ansprechpartner f\u00fcr alle Generationen&#8220;, sagte Briel. Erneut sei es gelungen auch neue Engagierte zu finden, die sich in der Gemeindepolitik einbringen wollen. Au\u00dferdem sind bei der FWG wieder viele Aktive aus den W\u00f6llst\u00e4dter Vereinen dabei &#8211; unter anderem 10 Vereinsvorsitzende.\u00a0<br><br>Auf der Mitgliederversammlung wurde der Listenvorschlag, den die &#8218;W\u00f6llstadt Kommission&#8216; der FWG vorbereitet hatte, einstimmig beschlossen. Die Versammlung wurde unter strengsten Corona-Bedingungen durchgef\u00fchrt. Grunds\u00e4tzlich ist es f\u00fcr Parteien und W\u00e4hlergemeinschaften zurzeit rechtlich zul\u00e4ssig, dass Treffen zur Vorbereitung der Kommunalwahl stattfinden k\u00f6nnen. Mit Mindestabstand, einer Maskenpflicht aber auch eine Reduzierung auf das wahlrechtlich Notwendigste konnte die Sitzung in weniger als 45 Minuten durchgef\u00fchrt werden.<\/p>\n\n\n\n<figure class=\"wp-block-image size-large\"><img loading=\"lazy\" decoding=\"async\" width=\"1024\" height=\"768\" src=\"http:\/\/fwg-woellstadt.de\/wp-content\/uploads\/2020\/12\/Spitzenkandidaten-1024x768.jpg\" alt=\"\" class=\"wp-image-1270\" srcset=\"http:\/\/fwg-woellstadt.de\/wp-content\/uploads\/2020\/12\/Spitzenkandidaten-1024x768.jpg 1024w, http:\/\/fwg-woellstadt.de\/wp-content\/uploads\/2020\/12\/Spitzenkandidaten-300x225.jpg 300w, http:\/\/fwg-woellstadt.de\/wp-content\/uploads\/2020\/12\/Spitzenkandidaten-768x576.jpg 768w, http:\/\/fwg-woellstadt.de\/wp-content\/uploads\/2020\/12\/Spitzenkandidaten-1536x1152.jpg 1536w, http:\/\/fwg-woellstadt.de\/wp-content\/uploads\/2020\/12\/Spitzenkandidaten-2048x1536.jpg 2048w, http:\/\/fwg-woellstadt.de\/wp-content\/uploads\/2020\/12\/Spitzenkandidaten-678x509.jpg 678w, http:\/\/fwg-woellstadt.de\/wp-content\/uploads\/2020\/12\/Spitzenkandidaten-326x245.jpg 326w, http:\/\/fwg-woellstadt.de\/wp-content\/uploads\/2020\/12\/Spitzenkandidaten-80x60.jpg 80w\" sizes=\"auto, (max-width: 1024px) 100vw, 1024px\" \/><figcaption>Spitzenkandidatinnen und Spitzenkandidaten der FWG:<br>hintere Reihe v.l.n.r.: Bianca Best, Sebastian Briel, Cornelia Ihl-Wagner,<br>vordere Reihe: Markus Sch\u00fctz, Udo Sch\u00e4fer<\/figcaption><\/figure>\n\n\n\n<p>Hinter Briel (Diplom Verwaltungswirt) folgt auf Platz 2 die Gesch\u00e4ftsf\u00fchrerin der FWG-Fraktion Bianca Best. Sie ist gepr\u00fcfte Management-Assistentin. &#8222;Ich m\u00f6chte unsere Gemeinde mit zukunftsorientierten Entscheidungen voranbringen und den Lebensmittelpunkt f\u00fcr die B\u00fcrgerinnen und B\u00fcrger mitgestalten&#8220;, sagte Best. Udo Sch\u00e4fer auf Platz 3 bringt viel kommunalpolitische Erfahrung mit &#8211; er ist bereits seit 2006 in der Gemeindevertretung f\u00fcr W\u00f6llstadt aktiv. Er ist Metallbauermeister und stellvertretender Fraktionsvorsitzende. Auf Platz 4 ist Cornelia Ihl-Wagner Teil des Spitzenkandidaten-Teams. Sie ist Angestellte und die zweite stellvertretende Fraktionsvorsitzende. Markus Sch\u00fctz kandidiert auf Platz 5 f\u00fcr die Freie W\u00e4hlergemeinschaft. Er ist Kaufmann und seit 2017 f\u00fcr die FWG im Gemeindevorstand aktiv. Auf Platz 6 folgt Katharina Schang, die erstmals f\u00fcr die Gemeindevertretung kandidiert. Sie ist gelernte Friseurin und zurzeit Hausfrau. Maximilian Best tritt auf Platz 7 f\u00fcr die Freie W\u00e4hlergemeinschaft an. Er ist staatlich gepr\u00fcfter Agrarbetriebswirt und f\u00fcr die FWG im Bau-, Planungs- und Umweltausschuss. Auf Platz 8 kommt ein weiteres junges Gesicht: Benita Heger kandidiert erstmal f\u00fcr die Gemeindevertretung. Sie ist Verwaltungsbeamtin. Viel Erfahrung bringt Gerhard Schlautek auf Platz 9 ein. Er ist seit 2006 ununterbrochen Gemeindevertreter und f\u00fcr die FWG im Haupt- und Finanzausschuss. Die Top 10 vervollst\u00e4ndigt Heinz Malek. Er ist f\u00fcr die Freien W\u00e4hler im Sozial-, Kultur- und Sportausschuss.<\/p>\n\n\n\n<p>Auf den weiteren Pl\u00e4tzen folgen: Lutz Gr\u00fcnsfelder, Thorsten Drauth, J\u00fcrgen Ristau, Winfried Lang, Sebastian Bonrath, Rainer Heisterkamp, Martina Ebeling, Walter Nebel, Daniela Liedtke, Torsten Greiff, Thomas Neckermann, Klaus Chr. Klas, Werner Bonrath, Erich Reinke, Heinz-Hermann Bausch, Dieter Bonrath, Benedikt Lang, Roland Jung, Marcel Oehm, Michael \u201aLifti\u2018 Meisinger und Joachim Schnabel.<br><br>Die gesamte Liste ist auf der Internetseite der Freien W\u00e4hlergemeinschaft unter\u00a0<a class=\"rank-math-link\" href=\"http:\/\/www.FWG-woellstadt.de\" target=\"_blank\" rel=\"noopener\">www.FWG-woellstadt.<\/a><a href=\"http:\/\/fwg-woellstadt.de\/index.php\/2020\/12\/08\/fwg-liste-fuer-die-kommunalwahl\/\" class=\"rank-math-link\">de<\/a>\u00a0einsehbar. &#8222;Besonders froh sind wir, dass 100 W\u00f6llst\u00e4dterinnen und W\u00f6llst\u00e4dter bei uns mitmachen und gesagt haben, dass es eine starke FWG braucht, damit sich W\u00f6llstadt weiter positiv entwickelt&#8220;, sagte Markus Sch\u00fctz.<br><br>&#8222;Ziel der FWG ist es, dass die absolute Mehrheit der CDU beendet wird. Wir sind davon \u00fcberzeugt, dass die B\u00fcrgerinnen und B\u00fcrger unserer Gemeinde keinen Streit oder keine Parteitaktiererei wollen&#8220;, sagte Udo Sch\u00e4fer. Die FWG ist zurzeit st\u00e4rkste Oppositionskraft und hat mit vielen Antr\u00e4gen Ideen aus der Bev\u00f6lkerung eingebracht. Viele Antr\u00e4ge wurden von der absoluten Mehrheit der CDU jedoch leider abgelehnt. &#8222;Unseren Weg der Verl\u00e4sslichkeit und des sinnvollen Umgangs mit den Geldern, bei dem wir immer die Zukunft der Gemeinde im Blick haben, wollen wir mit dieser Liste weitergehen&#8220;, sagte Cornelia Ihl-Wagner.<br><br>Da der Wahlkampf corona-bedingt anders gestaltet werden muss, setzt die FWG auf die Vorstellung von Themen und Personen via Social Media, der Internetseite aber auch auf die fl\u00e4chendeckende Verteilung von Brosch\u00fcren und Flyern. Zudem hat die FWG seit kurzem auch einen Video-Kanal bei YouTube. Mit Online-Befragungen und dem Mitmach-Portal &#8222;Mein W\u00f6llstadt&#8220; auf der Internetseite will man mit den B\u00fcrgerinnen und B\u00fcrgern auch w\u00e4hrend der Corona-Pandemie in Kontakt treten und deren Anregungen aufgreifen. &#8222;Alle Ideen werden von uns gepr\u00fcft und kommen in unsere B\u00fcrgerprogramm &#8211; dem Wahlprogramm der FWG. Wir sind die Mitmach-Partei in W\u00f6llstadt. Sie sind bei uns mit Ihren Ideen herzlich willkommen&#8220;, sagte der Vorsitzenden des FWG-Vereins Dieter Bonrath.<br><br>&#8222;Mit der Liste &#8211; prall gef\u00fcllt mit 100 Menschen aus unserem Dorf &#8211; und unserem B\u00fcrgerprogramm wollen wir frischen Wind in die Gemeindepolitik bringen. Wir bieten verl\u00e4ssliche Politik ohne Parteibuch-Denken und Taktiererei. Wer auch in W\u00f6llstadt eine angemessene Gemeindeentwicklung mit neuen Wohnungen f\u00fcr junge Familien, eine zielgerichtete Vereinsunterst\u00fctzung und Engagement f\u00fcr Klimaschutz und Nachhaltigkeit will, sollte am 14.3. bei der Kommunalwahl FWG w\u00e4hlen&#8220;, sagte Briel.<br><br>F\u00fcr den Kreistag kandidieren f\u00fcr die Ferien W\u00e4hler aus W\u00f6llstadt Sebastian Briel und Ralf Liedtke.<\/p>\n","protected":false},"excerpt":{"rendered":"<div class=\"mh-excerpt\"><p>Der FWG-Fraktionsvorsitzende Sebastian Briel f\u00fchrt bei der Kommunalwahl am 14.3. die Liste der FWG W\u00f6llstadt an. Insgesamt stehen 100 W\u00f6llst\u00e4dterinnen und W\u00f6llst\u00e4dter auf dem Wahlvorschlag der Freien W\u00e4hlergemeinschaft. Auf der FWG-Liste finde man einen Querschnitt <a class=\"mh-excerpt-more\" href=\"http:\/\/fwg-woellstadt.de\/index.php\/2020\/12\/09\/100-woellstaedter-kandidieren-fuer-die-fwg\/\" title=\"100 W\u00f6llst\u00e4dter kandidieren f\u00fcr die FWG\">[&#8230;]<\/a><\/p>\n<\/div>","protected":false},"author":2,"featured_media":1271,"comment_status":"closed","ping_status":"open","sticky":false,"template":"","format":"standard","meta":{"_EventAllDay":false,"_EventTimezone":"","_EventStartDate":"","_EventEndDate":"","_EventStartDateUTC":"","_EventEndDateUTC":"","_EventShowMap":false,"_EventShowMapLink":false,"_EventURL":"","_EventCost":"","_EventCostDescription":"","_EventCurrencySymbol":"","_EventCurrencyCode":"","_EventCurrencyPosition":"","_EventDateTimeSeparator":"","_EventTimeRangeSeparator":"","_EventOrganizerID":[],"_EventVenueID":[],"_OrganizerEmail":"","_OrganizerPhone":"","_OrganizerWebsite":"","_VenueAddress":"","_VenueCity":"","_VenueCountry":"","_VenueProvince":"","_VenueState":"","_VenueZip":"","_VenuePhone":"","_VenueURL":"","_VenueStateProvince":"","_VenueLat":"","_VenueLng":"","_VenueShowMap":false,"_VenueShowMapLink":false,"footnotes":""},"categories":[26],"tags":[82],"class_list":["post-1269","post","type-post","status-publish","format-standard","has-post-thumbnail","category-kommunalwahl2021","tag-absolute-cdu-mehrheit-abwaehlen"],"_links":{"self":[{"href":"http:\/\/fwg-woellstadt.de\/index.php\/wp-json\/wp\/v2\/posts\/1269","targetHints":{"allow":["GET"]}}],"collection":[{"href":"http:\/\/fwg-woellstadt.de\/index.php\/wp-json\/wp\/v2\/posts"}],"about":[{"href":"http:\/\/fwg-woellstadt.de\/index.php\/wp-json\/wp\/v2\/types\/post"}],"author":[{"embeddable":true,"href":"http:\/\/fwg-woellstadt.de\/index.php\/wp-json\/wp\/v2\/users\/2"}],"replies":[{"embeddable":true,"href":"http:\/\/fwg-woellstadt.de\/index.php\/wp-json\/wp\/v2\/comments?post=1269"}],"version-history":[{"count":1,"href":"http:\/\/fwg-woellstadt.de\/index.php\/wp-json\/wp\/v2\/posts\/1269\/revisions"}],"predecessor-version":[{"id":1272,"href":"http:\/\/fwg-woellstadt.de\/index.php\/wp-json\/wp\/v2\/posts\/1269\/revisions\/1272"}],"wp:featuredmedia":[{"embeddable":true,"href":"http:\/\/fwg-woellstadt.de\/index.php\/wp-json\/wp\/v2\/media\/1271"}],"wp:attachment":[{"href":"http:\/\/fwg-woellstadt.de\/index.php\/wp-json\/wp\/v2\/media?parent=1269"}],"wp:term":[{"taxonomy":"category","embeddable":true,"href":"http:\/\/fwg-woellstadt.de\/index.php\/wp-json\/wp\/v2\/categories?post=1269"},{"taxonomy":"post_tag","embeddable":true,"href":"http:\/\/fwg-woellstadt.de\/index.php\/wp-json\/wp\/v2\/tags?post=1269"}],"curies":[{"name":"wp","href":"https:\/\/api.w.org\/{rel}","templated":true}]}}