{"id":1318,"date":"2020-12-27T11:08:51","date_gmt":"2020-12-27T10:08:51","guid":{"rendered":"http:\/\/fwg-woellstadt.de\/?p=1318"},"modified":"2020-12-27T11:08:51","modified_gmt":"2020-12-27T10:08:51","slug":"fwg-buergerbefragung-ihre-meinung-zu-woellstadt-ist-gefragt","status":"publish","type":"post","link":"http:\/\/fwg-woellstadt.de\/index.php\/2020\/12\/27\/fwg-buergerbefragung-ihre-meinung-zu-woellstadt-ist-gefragt\/","title":{"rendered":"FWG-B\u00fcrgerbefragung: Ihre Meinung zu W\u00f6llstadt ist gefragt"},"content":{"rendered":"\n<p>Die dritte Online-Befragung der Freien W\u00e4hlergemeinschaft l\u00e4uft jetzt seit fast zwei Wochen und es haben mehr als 175 Personen mitgemacht. &#8222;Wohnen in W\u00f6llstadt&#8220; aber auch Klimaschutz und Vereine sind f\u00fcr die Freie W\u00e4hlergemeinschaft zentrale Themen. Wird in W\u00f6llstadt f\u00fcr Kinder, Jugendliche und Senioren genug gemacht? Wie zufrieden sind Sie mit der Gemeindeverwaltung und den Kitas? Was m\u00fcsste verbessert werden? Und was ist mit bezahlbarem Wohnen? \u201eDie Antworten arbeiten wir in unser B\u00fcrgerprogramm zur Kommunalwahl ein. Sie k\u00f6nnen sich mit Ihrer Teilnahme also direkt in die Gemeindepolitik von W\u00f6llstadt einbringen\u201c, sagte der FWG-Fraktionsvorsitzende Sebastian Briel. Die Befragung wird noch bis Ende Dezember laufen.<\/p>\n\n\n\n<p>Wer bis jetzt noch nicht teilgenommen hat, kann die B\u00fcrgerbefragung unter <a href=\"https:\/\/umfrage.fwg-woellstadt.de\" class=\"rank-math-link\">https:\/\/umfrage3.fwg-woellstadt.de<\/a> aufrufen.<\/p>\n","protected":false},"excerpt":{"rendered":"<div class=\"mh-excerpt\"><p>Die dritte Online-Befragung der Freien W\u00e4hlergemeinschaft l\u00e4uft jetzt seit fast zwei Wochen und es haben mehr als 175 Personen mitgemacht. &#8222;Wohnen in W\u00f6llstadt&#8220; aber auch Klimaschutz und Vereine sind f\u00fcr die Freie W\u00e4hlergemeinschaft zentrale Themen. <a class=\"mh-excerpt-more\" href=\"http:\/\/fwg-woellstadt.de\/index.php\/2020\/12\/27\/fwg-buergerbefragung-ihre-meinung-zu-woellstadt-ist-gefragt\/\" title=\"FWG-B\u00fcrgerbefragung: Ihre Meinung zu W\u00f6llstadt ist gefragt\">[&#8230;]<\/a><\/p>\n<\/div>","protected":false},"author":2,"featured_media":1319,"comment_status":"closed","ping_status":"open","sticky":false,"template":"","format":"standard","meta":{"_EventAllDay":false,"_EventTimezone":"","_EventStartDate":"","_EventEndDate":"","_EventStartDateUTC":"","_EventEndDateUTC":"","_EventShowMap":false,"_EventShowMapLink":false,"_EventURL":"","_EventCost":"","_EventCostDescription":"","_EventCurrencySymbol":"","_EventCurrencyCode":"","_EventCurrencyPosition":"","_EventDateTimeSeparator":"","_EventTimeRangeSeparator":"","_EventOrganizerID":[],"_EventVenueID":[],"_OrganizerEmail":"","_OrganizerPhone":"","_OrganizerWebsite":"","_VenueAddress":"","_VenueCity":"","_VenueCountry":"","_VenueProvince":"","_VenueState":"","_VenueZip":"","_VenuePhone":"","_VenueURL":"","_VenueStateProvince":"","_VenueLat":"","_VenueLng":"","_VenueShowMap":false,"_VenueShowMapLink":false,"footnotes":""},"categories":[2],"tags":[47,86,11,80,55,13,78,61,52,81,85],"class_list":["post-1318","post","type-post","status-publish","format-standard","has-post-thumbnail","category-gemeindepolitik","tag-fwg-buergerbefragung","tag-jugendliche","tag-kinderbetreuung","tag-nachhaltigkeit","tag-naturschutz","tag-neubaugebiet","tag-senioren","tag-spielplaetze","tag-vereine","tag-verwaltung","tag-wohnen"],"_links":{"self":[{"href":"http:\/\/fwg-woellstadt.de\/index.php\/wp-json\/wp\/v2\/posts\/1318","targetHints":{"allow":["GET"]}}],"collection":[{"href":"http:\/\/fwg-woellstadt.de\/index.php\/wp-json\/wp\/v2\/posts"}],"about":[{"href":"http:\/\/fwg-woellstadt.de\/index.php\/wp-json\/wp\/v2\/types\/post"}],"author":[{"embeddable":true,"href":"http:\/\/fwg-woellstadt.de\/index.php\/wp-json\/wp\/v2\/users\/2"}],"replies":[{"embeddable":true,"href":"http:\/\/fwg-woellstadt.de\/index.php\/wp-json\/wp\/v2\/comments?post=1318"}],"version-history":[{"count":1,"href":"http:\/\/fwg-woellstadt.de\/index.php\/wp-json\/wp\/v2\/posts\/1318\/revisions"}],"predecessor-version":[{"id":1320,"href":"http:\/\/fwg-woellstadt.de\/index.php\/wp-json\/wp\/v2\/posts\/1318\/revisions\/1320"}],"wp:featuredmedia":[{"embeddable":true,"href":"http:\/\/fwg-woellstadt.de\/index.php\/wp-json\/wp\/v2\/media\/1319"}],"wp:attachment":[{"href":"http:\/\/fwg-woellstadt.de\/index.php\/wp-json\/wp\/v2\/media?parent=1318"}],"wp:term":[{"taxonomy":"category","embeddable":true,"href":"http:\/\/fwg-woellstadt.de\/index.php\/wp-json\/wp\/v2\/categories?post=1318"},{"taxonomy":"post_tag","embeddable":true,"href":"http:\/\/fwg-woellstadt.de\/index.php\/wp-json\/wp\/v2\/tags?post=1318"}],"curies":[{"name":"wp","href":"https:\/\/api.w.org\/{rel}","templated":true}]}}