{"id":1332,"date":"2021-01-22T07:58:35","date_gmt":"2021-01-22T06:58:35","guid":{"rendered":"http:\/\/fwg-woellstadt.de\/?p=1332"},"modified":"2021-01-22T07:58:36","modified_gmt":"2021-01-22T06:58:36","slug":"46-plaetze-weniger-im-buergerhaus-bei-veranstaltungen","status":"publish","type":"post","link":"http:\/\/fwg-woellstadt.de\/index.php\/2021\/01\/22\/46-plaetze-weniger-im-buergerhaus-bei-veranstaltungen\/","title":{"rendered":"46 Pl\u00e4tze weniger im B\u00fcrgerhaus bei Veranstaltungen"},"content":{"rendered":"\n<p>Die Freie W\u00e4hlergemeinschaft hat die neuen Bestuhlungspl\u00e4ne \u00fcberpr\u00fcft. Diese wurden Ende des letzten Jahres von der Gemeinde aufgrund des neuen Brandsicherheitskonzeptes beauftragt. Das Brandsicherheitskonzept legt die Anordnung der Besucherpl\u00e4tze sowie die maximal zul\u00e4ssigen Besucherzahlen f\u00fcr Veranstaltungen unter besonderer Ber\u00fccksichtigung der vorhandenen Rettungswegebreiten im Geb\u00e4ude fest. F\u00fcr das B\u00fcrgerhaus wurden vom Gemeindevorstand<br>220 Pl\u00e4tze f\u00fcr eine bestuhlte Veranstaltung festgesetzt.<\/p>\n\n\n\n<p>\u201eDas es jetzt ein Brandsicherheitskonzept gibt ist richtig und unumg\u00e4nglich, da es nach der Versammlungsst\u00e4ttenrichtlinie rechtlich verpflichtend ist. Trotzdem ist es uns als Freie W\u00e4hlergemeinschaft wichtig, dass die Vereine weiterhin ihre Veranstaltungen durchf\u00fchren k\u00f6nnen\u201c, sagte der FWG-Fraktionsvorsitzende Sebastian Briel. Die FWG sieht in den Vereinen den Motor der d\u00f6rflichen Gemeinschaft und den Ort, wo sich zumindest vor der Pandemie Menschen getroffen haben. \u201eWir hoffen sehr, dass Vereinsleben bald wieder m\u00f6glich ist. Deshalb ist es uns wichtig, dass der Bestuhlungsplan sich auch an den Gegebenheiten der Veranstaltungen wie Fremdensitzung oder Weiberfasching richtet\u201c, sagte FWG-Gemeindevertreter R\u00fcdiger Kohl.<\/p>\n\n\n\n<p>Die FWG hat deshalb Gespr\u00e4che mit den Vereinen gef\u00fchrt, die das B\u00fcrgerhaus f\u00fcr Veranstaltungen nutzen. \u201eIn dem vorliegenden Bestuhlungsplan ist unter anderem keine Vorb\u00fchne oder ein Aufbau f\u00fcr die Musik vorgesehen, wie es bei den Veranstaltungen des NCV \u00fcblich ist\u201c, erkl\u00e4rte die stellvertretende Fraktionsvorsitzende Cornelia Ihl-Wagner. Au\u00dferdem wurde ein Tisch direkt hinter dem Technikpodest platziert, wodurch die G\u00e4ste dort keinen Blick auf die B\u00fchne haben. \u201eWir kommen auf nur 194 Pl\u00e4tze. Das w\u00e4ren 46 Pl\u00e4tze weniger pro Veranstaltung. F\u00fcr die Weiberfasching-Sitzung wird zwar keine Vorb\u00fchne ben\u00f6tigt, insgesamt k\u00f6nnten hier aber sogar 80 Pl\u00e4tze weniger gestellt werden als urspr\u00fcnglich. Das ist f\u00fcr die Vereine ein krasser Einschnitt in ihre Veranstaltungen, welchen wir als Freie W\u00e4hlerinnen und W\u00e4hler nicht hinnehmen werden\u201c, sagte Briel.<\/p>\n\n\n\n<figure class=\"wp-block-gallery columns-2 is-cropped wp-block-gallery-2 is-layout-flex wp-block-gallery-is-layout-flex\"><ul class=\"blocks-gallery-grid\"><li class=\"blocks-gallery-item\"><figure><img loading=\"lazy\" decoding=\"async\" width=\"391\" height=\"792\" src=\"http:\/\/fwg-woellstadt.de\/wp-content\/uploads\/2021\/01\/20201128-Bestuhlungsplan-mit-Vorbuehne-und-Musik_neue-Bestuhlung.png\" alt=\"\" data-id=\"1333\" data-full-url=\"http:\/\/fwg-woellstadt.de\/wp-content\/uploads\/2021\/01\/20201128-Bestuhlungsplan-mit-Vorbuehne-und-Musik_neue-Bestuhlung.png\" data-link=\"http:\/\/fwg-woellstadt.de\/?attachment_id=1333\" class=\"wp-image-1333\" srcset=\"http:\/\/fwg-woellstadt.de\/wp-content\/uploads\/2021\/01\/20201128-Bestuhlungsplan-mit-Vorbuehne-und-Musik_neue-Bestuhlung.png 391w, http:\/\/fwg-woellstadt.de\/wp-content\/uploads\/2021\/01\/20201128-Bestuhlungsplan-mit-Vorbuehne-und-Musik_neue-Bestuhlung-148x300.png 148w\" sizes=\"auto, (max-width: 391px) 100vw, 391px\" \/><\/figure><\/li><li class=\"blocks-gallery-item\"><figure><img loading=\"lazy\" decoding=\"async\" width=\"391\" height=\"792\" src=\"http:\/\/fwg-woellstadt.de\/wp-content\/uploads\/2021\/01\/20201128-Bestuhlungsplan-ohne-Vorbuehne-mit-Musik.png\" alt=\"\" data-id=\"1334\" data-full-url=\"http:\/\/fwg-woellstadt.de\/wp-content\/uploads\/2021\/01\/20201128-Bestuhlungsplan-ohne-Vorbuehne-mit-Musik.png\" data-link=\"http:\/\/fwg-woellstadt.de\/?attachment_id=1334\" class=\"wp-image-1334\" srcset=\"http:\/\/fwg-woellstadt.de\/wp-content\/uploads\/2021\/01\/20201128-Bestuhlungsplan-ohne-Vorbuehne-mit-Musik.png 391w, http:\/\/fwg-woellstadt.de\/wp-content\/uploads\/2021\/01\/20201128-Bestuhlungsplan-ohne-Vorbuehne-mit-Musik-148x300.png 148w\" sizes=\"auto, (max-width: 391px) 100vw, 391px\" \/><\/figure><\/li><\/ul><\/figure>\n\n\n\n<p>Die FWG wird nun alle Vereine zu einer Video-Konferenz einladen, um \u00fcber das Problem aber auch insgesamt \u00fcber die Situation der Vereine in Ober- und Nieder-W\u00f6llstadt zu sprechen. Au\u00dferdem schl\u00e4gt die FWG vor, dass durch eine Stellprobe im B\u00fcrgerhaus \u00fcberpr\u00fcft wird, wie viele Pl\u00e4tze tats\u00e4chlich gestellt werden k\u00f6nnen. \u201eFalls es die Corona-Bestimmungen zulassen, stehen wir als Freie W\u00e4hlergemeinschaft gerne bereit, die St\u00fchle, Tische und die Vorb\u00fchne auf- und abzubauen\u201c, sagte der stellvertretende Fraktionsvorsitzende Udo Sch\u00e4fer.<\/p>\n","protected":false},"excerpt":{"rendered":"<div class=\"mh-excerpt\"><p>Die Freie W\u00e4hlergemeinschaft hat die neuen Bestuhlungspl\u00e4ne \u00fcberpr\u00fcft. Diese wurden Ende des letzten Jahres von der Gemeinde aufgrund des neuen Brandsicherheitskonzeptes beauftragt. Das Brandsicherheitskonzept legt die Anordnung der Besucherpl\u00e4tze sowie die maximal zul\u00e4ssigen Besucherzahlen f\u00fcr <a class=\"mh-excerpt-more\" href=\"http:\/\/fwg-woellstadt.de\/index.php\/2021\/01\/22\/46-plaetze-weniger-im-buergerhaus-bei-veranstaltungen\/\" title=\"46 Pl\u00e4tze weniger im B\u00fcrgerhaus bei Veranstaltungen\">[&#8230;]<\/a><\/p>\n<\/div>","protected":false},"author":2,"featured_media":1335,"comment_status":"closed","ping_status":"open","sticky":false,"template":"","format":"standard","meta":{"_EventAllDay":false,"_EventTimezone":"","_EventStartDate":"","_EventEndDate":"","_EventStartDateUTC":"","_EventEndDateUTC":"","_EventShowMap":false,"_EventShowMapLink":false,"_EventURL":"","_EventCost":"","_EventCostDescription":"","_EventCurrencySymbol":"","_EventCurrencyCode":"","_EventCurrencyPosition":"","_EventDateTimeSeparator":"","_EventTimeRangeSeparator":"","_EventOrganizerID":[],"_EventVenueID":[],"_OrganizerEmail":"","_OrganizerPhone":"","_OrganizerWebsite":"","_VenueAddress":"","_VenueCity":"","_VenueCountry":"","_VenueProvince":"","_VenueState":"","_VenueZip":"","_VenuePhone":"","_VenueURL":"","_VenueStateProvince":"","_VenueLat":"","_VenueLng":"","_VenueShowMap":false,"_VenueShowMapLink":false,"footnotes":""},"categories":[2],"tags":[42,44,52],"class_list":["post-1332","post","type-post","status-publish","format-standard","has-post-thumbnail","category-gemeindepolitik","tag-buergerhaus","tag-kulturhalle","tag-vereine"],"_links":{"self":[{"href":"http:\/\/fwg-woellstadt.de\/index.php\/wp-json\/wp\/v2\/posts\/1332","targetHints":{"allow":["GET"]}}],"collection":[{"href":"http:\/\/fwg-woellstadt.de\/index.php\/wp-json\/wp\/v2\/posts"}],"about":[{"href":"http:\/\/fwg-woellstadt.de\/index.php\/wp-json\/wp\/v2\/types\/post"}],"author":[{"embeddable":true,"href":"http:\/\/fwg-woellstadt.de\/index.php\/wp-json\/wp\/v2\/users\/2"}],"replies":[{"embeddable":true,"href":"http:\/\/fwg-woellstadt.de\/index.php\/wp-json\/wp\/v2\/comments?post=1332"}],"version-history":[{"count":2,"href":"http:\/\/fwg-woellstadt.de\/index.php\/wp-json\/wp\/v2\/posts\/1332\/revisions"}],"predecessor-version":[{"id":1337,"href":"http:\/\/fwg-woellstadt.de\/index.php\/wp-json\/wp\/v2\/posts\/1332\/revisions\/1337"}],"wp:featuredmedia":[{"embeddable":true,"href":"http:\/\/fwg-woellstadt.de\/index.php\/wp-json\/wp\/v2\/media\/1335"}],"wp:attachment":[{"href":"http:\/\/fwg-woellstadt.de\/index.php\/wp-json\/wp\/v2\/media?parent=1332"}],"wp:term":[{"taxonomy":"category","embeddable":true,"href":"http:\/\/fwg-woellstadt.de\/index.php\/wp-json\/wp\/v2\/categories?post=1332"},{"taxonomy":"post_tag","embeddable":true,"href":"http:\/\/fwg-woellstadt.de\/index.php\/wp-json\/wp\/v2\/tags?post=1332"}],"curies":[{"name":"wp","href":"https:\/\/api.w.org\/{rel}","templated":true}]}}