{"id":1338,"date":"2021-02-03T07:57:56","date_gmt":"2021-02-03T06:57:56","guid":{"rendered":"http:\/\/fwg-woellstadt.de\/?p=1338"},"modified":"2021-02-03T07:57:57","modified_gmt":"2021-02-03T06:57:57","slug":"fwg-spricht-mit-den-vereinen","status":"publish","type":"post","link":"http:\/\/fwg-woellstadt.de\/index.php\/2021\/02\/03\/fwg-spricht-mit-den-vereinen\/","title":{"rendered":"FWG spricht mit den Vereinen"},"content":{"rendered":"\n<p>Die Freie W\u00e4hlergemeinschaft hat k\u00fcrzlich mit Vereinen aus Ober- und Nieder-W\u00f6llstadt eine Video-Konferenz durchgef\u00fchrt. &#8222;F\u00fcr die FWG spielen die Vereine in W\u00f6llstadt eine zentrale Rolle. Sie bringen Menschen zusammen und machen das Dorfleben liebenswert. Deshalb ist uns ein guter Kontakt zu den Vereinen wichtig&#8220;, sagte der stellvertretende FWG-Fraktionsvorsitzende Udo Sch\u00e4fer. Das Gespr\u00e4ch moderierte der FWG-Fraktionsvorsitzende Sebastian Briel. Zun\u00e4chst berichteten die Vereine \u00fcber ihre Situation w\u00e4hrend der Pandemie. &#8222;Die aktuellen Regelungen treffen nicht nur die Unternehmen sondern auch unsere Vereine hart. Es war deshalb mal wieder sch\u00f6n so viele Vereinsvertreter zu sehen und zu h\u00f6ren &#8211; auch wenn es nur per Video war&#8220;, sagte Markus Sch\u00fctz von der FWG.\u00a0<br><br>Viel wurde \u00fcber die neuen Bestuhlungspl\u00e4ne im B\u00fcrgerhaus und in der R\u00f6merhalle gesprochen. &#8222;Im B\u00fcrgerhaus d\u00fcrfen nicht mehr so viele G\u00e4ste eingelassen werden wie fr\u00fcher. Au\u00dferdem ist das B\u00fcrgerhaus sehr in die Jahre gekommen. Das B\u00fcrgerhaus wurde 1966 er\u00f6ffnet. Weil W\u00f6llstadt w\u00e4chst und nach \u00fcber 50 Jahren sind wir der Meinung, dass im W\u00f6llstadt ein neues B\u00fcrgerhaus f\u00fcr Kultur und als Treffpunkt brauchen&#8220;, sagte Briel. Viele Vereine berichteten, wie der Vereinsbetrieb in dem B\u00fcrgerhaus, der R\u00f6merhalle und dem Vereinszentrum l\u00e4uft.\u00a0<br><br>Die Gemeinde hatte im Fr\u00fchjahr 2020 eine Vereinsbefragung zum Bedarf einer Sport- und Kulturhalle durchgef\u00fchrt. In der Video-Konferenz konkretisierten viele Vereine ihren Bedarf f\u00fcr eine neue Halle. &#8222;Der Wunsch der Vereine ist jedoch eher eine reine Sporthalle und eine reine Kulturhalle. Zurzeit gibt es sowohl in der R\u00f6merhalle und im B\u00fcrgerhaus zum Teil \u00dcberschneidungen&#8220;, sagte FWG-Gemeindevertreter Max Best. W\u00f6llstadt ist zurzeit in einem gro\u00dfen F\u00f6rderprogramm, mit dem die beiden Hallen finanziert werden k\u00f6nnen. &#8222;Die FWG wird sich weiterhin f\u00fcr die Vereine und die Hallen einsetzen&#8220;, erkl\u00e4rte Sebastian Briel.<\/p>\n\n\n\n<figure class=\"wp-block-image size-large\"><img loading=\"lazy\" decoding=\"async\" width=\"1024\" height=\"733\" src=\"http:\/\/fwg-woellstadt.de\/wp-content\/uploads\/2021\/02\/Vereinsabend-1024x733.jpg\" alt=\"\" class=\"wp-image-1340\" srcset=\"http:\/\/fwg-woellstadt.de\/wp-content\/uploads\/2021\/02\/Vereinsabend-1024x733.jpg 1024w, http:\/\/fwg-woellstadt.de\/wp-content\/uploads\/2021\/02\/Vereinsabend-300x215.jpg 300w, http:\/\/fwg-woellstadt.de\/wp-content\/uploads\/2021\/02\/Vereinsabend-768x550.jpg 768w, http:\/\/fwg-woellstadt.de\/wp-content\/uploads\/2021\/02\/Vereinsabend.jpg 1436w\" sizes=\"auto, (max-width: 1024px) 100vw, 1024px\" \/><\/figure>\n","protected":false},"excerpt":{"rendered":"<div class=\"mh-excerpt\"><p>Die Freie W\u00e4hlergemeinschaft hat k\u00fcrzlich mit Vereinen aus Ober- und Nieder-W\u00f6llstadt eine Video-Konferenz durchgef\u00fchrt. &#8222;F\u00fcr die FWG spielen die Vereine in W\u00f6llstadt eine zentrale Rolle. Sie bringen Menschen zusammen und machen das Dorfleben liebenswert. Deshalb <a class=\"mh-excerpt-more\" href=\"http:\/\/fwg-woellstadt.de\/index.php\/2021\/02\/03\/fwg-spricht-mit-den-vereinen\/\" title=\"FWG spricht mit den Vereinen\">[&#8230;]<\/a><\/p>\n<\/div>","protected":false},"author":2,"featured_media":1341,"comment_status":"closed","ping_status":"open","sticky":false,"template":"","format":"standard","meta":{"_EventAllDay":false,"_EventTimezone":"","_EventStartDate":"","_EventEndDate":"","_EventStartDateUTC":"","_EventEndDateUTC":"","_EventShowMap":false,"_EventShowMapLink":false,"_EventURL":"","_EventCost":"","_EventCostDescription":"","_EventCurrencySymbol":"","_EventCurrencyCode":"","_EventCurrencyPosition":"","_EventDateTimeSeparator":"","_EventTimeRangeSeparator":"","_EventOrganizerID":[],"_EventVenueID":[],"_OrganizerEmail":"","_OrganizerPhone":"","_OrganizerWebsite":"","_VenueAddress":"","_VenueCity":"","_VenueCountry":"","_VenueProvince":"","_VenueState":"","_VenueZip":"","_VenuePhone":"","_VenueURL":"","_VenueStateProvince":"","_VenueLat":"","_VenueLng":"","_VenueShowMap":false,"_VenueShowMapLink":false,"footnotes":""},"categories":[2],"tags":[42,48,44,43,52],"class_list":["post-1338","post","type-post","status-publish","format-standard","has-post-thumbnail","category-gemeindepolitik","tag-buergerhaus","tag-fwg-naeher-am-menschen","tag-kulturhalle","tag-sporthalle","tag-vereine"],"_links":{"self":[{"href":"http:\/\/fwg-woellstadt.de\/index.php\/wp-json\/wp\/v2\/posts\/1338","targetHints":{"allow":["GET"]}}],"collection":[{"href":"http:\/\/fwg-woellstadt.de\/index.php\/wp-json\/wp\/v2\/posts"}],"about":[{"href":"http:\/\/fwg-woellstadt.de\/index.php\/wp-json\/wp\/v2\/types\/post"}],"author":[{"embeddable":true,"href":"http:\/\/fwg-woellstadt.de\/index.php\/wp-json\/wp\/v2\/users\/2"}],"replies":[{"embeddable":true,"href":"http:\/\/fwg-woellstadt.de\/index.php\/wp-json\/wp\/v2\/comments?post=1338"}],"version-history":[{"count":1,"href":"http:\/\/fwg-woellstadt.de\/index.php\/wp-json\/wp\/v2\/posts\/1338\/revisions"}],"predecessor-version":[{"id":1342,"href":"http:\/\/fwg-woellstadt.de\/index.php\/wp-json\/wp\/v2\/posts\/1338\/revisions\/1342"}],"wp:featuredmedia":[{"embeddable":true,"href":"http:\/\/fwg-woellstadt.de\/index.php\/wp-json\/wp\/v2\/media\/1341"}],"wp:attachment":[{"href":"http:\/\/fwg-woellstadt.de\/index.php\/wp-json\/wp\/v2\/media?parent=1338"}],"wp:term":[{"taxonomy":"category","embeddable":true,"href":"http:\/\/fwg-woellstadt.de\/index.php\/wp-json\/wp\/v2\/categories?post=1338"},{"taxonomy":"post_tag","embeddable":true,"href":"http:\/\/fwg-woellstadt.de\/index.php\/wp-json\/wp\/v2\/tags?post=1338"}],"curies":[{"name":"wp","href":"https:\/\/api.w.org\/{rel}","templated":true}]}}