{"id":1343,"date":"2021-02-10T07:53:10","date_gmt":"2021-02-10T06:53:10","guid":{"rendered":"http:\/\/fwg-woellstadt.de\/?p=1343"},"modified":"2021-02-10T07:53:11","modified_gmt":"2021-02-10T06:53:11","slug":"fwg-woellstadt-macht-klimaschonenden-wahlkampf","status":"publish","type":"post","link":"http:\/\/fwg-woellstadt.de\/index.php\/2021\/02\/10\/fwg-woellstadt-macht-klimaschonenden-wahlkampf\/","title":{"rendered":"FWG W\u00f6llstadt macht klimaschonenden Wahlkampf"},"content":{"rendered":"\n<p>Die FWG W\u00f6llstadt verzichtet im anstehenden Kommunalwahlkampf auf das fl\u00e4chendeckende Aufh\u00e4ngen von Wahlplakaten. \u201eWir haben uns dazu entschieden, da die Plakate maximal eine Lebensdauer von 6 Wochen haben und dann entsorgt werden. Uns ist der Klimaschutz hier wichtiger\u201c, sagte Gemeindevertreter Maximilian Best. An zentralen Stellen in beiden Ortsteilen wurden die Banner aufgeh\u00e4ngt, die die FWG bereits vor 5 Jahren bei der letzten Wahl verwendet hat. Bei den letzten Wahlen hat die FWG ungef\u00e4hr 50 Plakate aufgestellt, dazu kommt die Befestigung mit Kabelbindern. \u201eDas ist f\u00fcr uns konkrete Ressourcenschonung. Wir leben Klimaschutz und verzichten deshalb auf Wahlplakate\u201c, erkl\u00e4rte der stellvertretende FWG-Fraktionsvorsitzende Udo Sch\u00e4fer.<\/p>\n\n\n\n<p>Die FWG informiert die W\u00e4hlerinnen und W\u00e4hler \u00fcber Handzettel und eine gro\u00dfe Brosch\u00fcre, die klimaschonend in einer Druckerei in Rosbach gedruckt werden. Alle Informationen f\u00fcr Interessierte stehen auch auf der Internetseite und den sozialen Medien der FWG zur Verf\u00fcgung. Aufgrund der Corona-Pandemie wird die FWG auch auf Infost\u00e4nde verzichten, denn weniger Kontakte bedeuten einen schnelleren Sieg \u00fcber das Virus. \u201eTrotz allem versuchen wir pr\u00e4sent zu bleiben. W\u00f6chentlich erscheint ein Video auf unserem YouTube-Kanal. In den n\u00e4chsten Wochen sind Online-Formate geplant, um zumindest so f\u00fcr Fragen und Antworten in Kontakt zu bleiben\u201c, sagte der FWG-Fraktionsvorsitzende Sebastian Briel.<\/p>\n\n\n\n<p>Die FWG hat letztes Jahr bereits vorgeschlagen, dass es f\u00fcr Plakate zentrale Aufstellungspunkte geben soll und daf\u00fcr das Plakatieren f\u00fcr alle Parteien verboten wird. \u201eLeider konnten wir uns mit CDU und SPD nicht darauf einigen. Die CDU hatte bereits Plakate bestellt\u201c, berichtete Briel.<\/p>\n\n\n\n<p>Mit dem eingesparten Geld will die FWG nun lieber etwas Wertvolleres machen. F\u00fcr Institutionen und Gruppen aus beiden Ortsteilen wird eine Spende vorbereitet. \u201eSo machen wir unbestreitbar etwas sinnvolleres und entlasten zudem die Umwelt und das W\u00f6llst\u00e4dter Stra\u00dfenbild\u201c, sagte die FWG-Kassenf\u00fchrerin Daniela Liedtke.<\/p>\n\n\n\n<figure class=\"wp-block-image size-large\"><img loading=\"lazy\" decoding=\"async\" width=\"1024\" height=\"768\" src=\"http:\/\/fwg-woellstadt.de\/wp-content\/uploads\/2021\/02\/IMG_1746-1024x768.jpg\" alt=\"\" class=\"wp-image-1344\" srcset=\"http:\/\/fwg-woellstadt.de\/wp-content\/uploads\/2021\/02\/IMG_1746-1024x768.jpg 1024w, http:\/\/fwg-woellstadt.de\/wp-content\/uploads\/2021\/02\/IMG_1746-300x225.jpg 300w, http:\/\/fwg-woellstadt.de\/wp-content\/uploads\/2021\/02\/IMG_1746-768x576.jpg 768w, http:\/\/fwg-woellstadt.de\/wp-content\/uploads\/2021\/02\/IMG_1746-1536x1152.jpg 1536w, http:\/\/fwg-woellstadt.de\/wp-content\/uploads\/2021\/02\/IMG_1746-2048x1536.jpg 2048w, http:\/\/fwg-woellstadt.de\/wp-content\/uploads\/2021\/02\/IMG_1746-678x509.jpg 678w, http:\/\/fwg-woellstadt.de\/wp-content\/uploads\/2021\/02\/IMG_1746-326x245.jpg 326w, http:\/\/fwg-woellstadt.de\/wp-content\/uploads\/2021\/02\/IMG_1746-80x60.jpg 80w\" sizes=\"auto, (max-width: 1024px) 100vw, 1024px\" \/><\/figure>\n","protected":false},"excerpt":{"rendered":"<div class=\"mh-excerpt\"><p>Die FWG W\u00f6llstadt verzichtet im anstehenden Kommunalwahlkampf auf das fl\u00e4chendeckende Aufh\u00e4ngen von Wahlplakaten. \u201eWir haben uns dazu entschieden, da die Plakate maximal eine Lebensdauer von 6 Wochen haben und dann entsorgt werden. Uns ist der <a class=\"mh-excerpt-more\" href=\"http:\/\/fwg-woellstadt.de\/index.php\/2021\/02\/10\/fwg-woellstadt-macht-klimaschonenden-wahlkampf\/\" title=\"FWG W\u00f6llstadt macht klimaschonenden Wahlkampf\">[&#8230;]<\/a><\/p>\n<\/div>","protected":false},"author":2,"featured_media":1345,"comment_status":"closed","ping_status":"open","sticky":false,"template":"","format":"standard","meta":{"_EventAllDay":false,"_EventTimezone":"","_EventStartDate":"","_EventEndDate":"","_EventStartDateUTC":"","_EventEndDateUTC":"","_EventShowMap":false,"_EventShowMapLink":false,"_EventURL":"","_EventCost":"","_EventCostDescription":"","_EventCurrencySymbol":"","_EventCurrencyCode":"","_EventCurrencyPosition":"","_EventDateTimeSeparator":"","_EventTimeRangeSeparator":"","_EventOrganizerID":[],"_EventVenueID":[],"_OrganizerEmail":"","_OrganizerPhone":"","_OrganizerWebsite":"","_VenueAddress":"","_VenueCity":"","_VenueCountry":"","_VenueProvince":"","_VenueState":"","_VenueZip":"","_VenuePhone":"","_VenueURL":"","_VenueStateProvince":"","_VenueLat":"","_VenueLng":"","_VenueShowMap":false,"_VenueShowMapLink":false,"footnotes":""},"categories":[3,26],"tags":[],"class_list":["post-1343","post","type-post","status-publish","format-standard","has-post-thumbnail","category-verein","category-kommunalwahl2021"],"_links":{"self":[{"href":"http:\/\/fwg-woellstadt.de\/index.php\/wp-json\/wp\/v2\/posts\/1343","targetHints":{"allow":["GET"]}}],"collection":[{"href":"http:\/\/fwg-woellstadt.de\/index.php\/wp-json\/wp\/v2\/posts"}],"about":[{"href":"http:\/\/fwg-woellstadt.de\/index.php\/wp-json\/wp\/v2\/types\/post"}],"author":[{"embeddable":true,"href":"http:\/\/fwg-woellstadt.de\/index.php\/wp-json\/wp\/v2\/users\/2"}],"replies":[{"embeddable":true,"href":"http:\/\/fwg-woellstadt.de\/index.php\/wp-json\/wp\/v2\/comments?post=1343"}],"version-history":[{"count":1,"href":"http:\/\/fwg-woellstadt.de\/index.php\/wp-json\/wp\/v2\/posts\/1343\/revisions"}],"predecessor-version":[{"id":1346,"href":"http:\/\/fwg-woellstadt.de\/index.php\/wp-json\/wp\/v2\/posts\/1343\/revisions\/1346"}],"wp:featuredmedia":[{"embeddable":true,"href":"http:\/\/fwg-woellstadt.de\/index.php\/wp-json\/wp\/v2\/media\/1345"}],"wp:attachment":[{"href":"http:\/\/fwg-woellstadt.de\/index.php\/wp-json\/wp\/v2\/media?parent=1343"}],"wp:term":[{"taxonomy":"category","embeddable":true,"href":"http:\/\/fwg-woellstadt.de\/index.php\/wp-json\/wp\/v2\/categories?post=1343"},{"taxonomy":"post_tag","embeddable":true,"href":"http:\/\/fwg-woellstadt.de\/index.php\/wp-json\/wp\/v2\/tags?post=1343"}],"curies":[{"name":"wp","href":"https:\/\/api.w.org\/{rel}","templated":true}]}}