{"id":1420,"date":"2021-02-20T21:42:55","date_gmt":"2021-02-20T20:42:55","guid":{"rendered":"http:\/\/fwg-woellstadt.de\/?p=1420"},"modified":"2021-02-20T21:42:56","modified_gmt":"2021-02-20T20:42:56","slug":"fwg-bietet-video-konferenz-fuer-kita-eltern-an","status":"publish","type":"post","link":"http:\/\/fwg-woellstadt.de\/index.php\/2021\/02\/20\/fwg-bietet-video-konferenz-fuer-kita-eltern-an\/","title":{"rendered":"FWG bietet Video-Konferenz f\u00fcr Kita-Eltern an"},"content":{"rendered":"\n<p>Die FWG W\u00f6llstadt l\u00e4dt alle Eltern mit Kita-Kindern zu einer Video-Konferenz am Dienstag, 23.02. um 19:30 Uhr, ein. Die Freie W\u00e4hlergemeinschaft setzt sich f\u00fcr ein bedarfsgerechtes Betreuungsangebot ein. Viele Eltern haben sich bei der B\u00fcrgerbefragung der FWG flexible Module gew\u00fcnscht, die mehrmals im Jahr ge\u00e4ndert werden k\u00f6nnen. So k\u00f6nnten an einzelnen Wochentagen unterschiedliche Betreuungszeiten gew\u00e4hlt werden. &#8222;Wir wollen ein zeitgem\u00e4\u00dfes Angebot in den Kitas, mit dem Eltern Familie und Beruf gut verbinden k\u00f6nnen&#8220;, sagte FWG-Gemeindevertreter Heinz Malek.<br><br>&#8222;Mit gro\u00dfem Unverst\u00e4ndnis mussten wir zur Kenntnisnehmen, dass der Gemeindevorstand die Betreuungszeiten f\u00fcr alle Kinder auf 8 &#8211; 14 Uhr begrenzt hat&#8220;, sagte der FWG-Fraktionsvorsitzender Sebastian Briel. Nachdem vom Land Hessen der Regelbetrieb unter Pandemiebedingungen nun wieder erm\u00f6glicht wird, schr\u00e4nkt die Gemeinde W\u00f6llstadt das Angebot ein. &#8222;Das es hier anspruchsvoll ist den Personaleinsatz zu administrieren, verstehen wir. Dass es jedoch \u00fcberhaupt kein Angebot f\u00fcr Eltern gibt, die auf die Betreuung angewiesen sind, k\u00f6nnen wir nicht nachvollziehen&#8220;, sagte Katharina Schang von der FWG. Auch das die Eltern erst am letzten Donnerstag informiert wurden und die Regelung bereits am Montag, 22.02., gelten soll, wird von der FWG kritisiert. &#8222;Hier werden die Alleinerziehenden und sogenannten systemrelevanten Berufsgruppen einfach ignoriert. Eltern haben uns berichtet, dass ihnen gesagt wurde, dass sie sich doch einfach Urlaub nehmen sollten. Wir stellen uns unter gutem Service etwas anderes vor&#8220;, sagte Bianca Best, die auf Platz 2 auf der FWG-Liste kandidiert.<br><br>Die FWG hat aufgrund der kurzfristigen Einschnitte f\u00fcr die Eltern das Thema als Anfrage auf die Tagesordnung der kommenden Gemeindevertretung gebracht. &#8222;Wir sind f\u00fcr die Eltern da und w\u00fcrden uns freuen, wenn wir am Dienstag mit m\u00f6glichst vielen Eltern ins Gespr\u00e4ch kommen k\u00f6nnen&#8220;, sagte Briel. \u00dcber\u00a0<a rel=\"noreferrer noopener\" href=\"mailto:aktiv@fwg-woellstadt.de\" target=\"_blank\">aktiv@fwg-woellstadt.de<\/a>\u00a0k\u00f6nnen sich Eltern f\u00fcr die Video-Konferenz anmelden.<\/p>\n","protected":false},"excerpt":{"rendered":"<div class=\"mh-excerpt\"><p>Die FWG W\u00f6llstadt l\u00e4dt alle Eltern mit Kita-Kindern zu einer Video-Konferenz am Dienstag, 23.02. um 19:30 Uhr, ein. Die Freie W\u00e4hlergemeinschaft setzt sich f\u00fcr ein bedarfsgerechtes Betreuungsangebot ein. Viele Eltern haben sich bei der B\u00fcrgerbefragung <a class=\"mh-excerpt-more\" href=\"http:\/\/fwg-woellstadt.de\/index.php\/2021\/02\/20\/fwg-bietet-video-konferenz-fuer-kita-eltern-an\/\" title=\"FWG bietet Video-Konferenz f\u00fcr Kita-Eltern an\">[&#8230;]<\/a><\/p>\n<\/div>","protected":false},"author":2,"featured_media":1421,"comment_status":"closed","ping_status":"open","sticky":false,"template":"","format":"standard","meta":{"_EventAllDay":false,"_EventTimezone":"","_EventStartDate":"","_EventEndDate":"","_EventStartDateUTC":"","_EventEndDateUTC":"","_EventShowMap":false,"_EventShowMapLink":false,"_EventURL":"","_EventCost":"","_EventCostDescription":"","_EventCurrencySymbol":"","_EventCurrencyCode":"","_EventCurrencyPosition":"","_EventDateTimeSeparator":"","_EventTimeRangeSeparator":"","_EventOrganizerID":[],"_EventVenueID":[],"_OrganizerEmail":"","_OrganizerPhone":"","_OrganizerWebsite":"","_VenueAddress":"","_VenueCity":"","_VenueCountry":"","_VenueProvince":"","_VenueState":"","_VenueZip":"","_VenuePhone":"","_VenueURL":"","_VenueStateProvince":"","_VenueLat":"","_VenueLng":"","_VenueShowMap":false,"_VenueShowMapLink":false,"footnotes":""},"categories":[2],"tags":[50,11],"class_list":["post-1420","post","type-post","status-publish","format-standard","has-post-thumbnail","category-gemeindepolitik","tag-corona","tag-kinderbetreuung"],"_links":{"self":[{"href":"http:\/\/fwg-woellstadt.de\/index.php\/wp-json\/wp\/v2\/posts\/1420","targetHints":{"allow":["GET"]}}],"collection":[{"href":"http:\/\/fwg-woellstadt.de\/index.php\/wp-json\/wp\/v2\/posts"}],"about":[{"href":"http:\/\/fwg-woellstadt.de\/index.php\/wp-json\/wp\/v2\/types\/post"}],"author":[{"embeddable":true,"href":"http:\/\/fwg-woellstadt.de\/index.php\/wp-json\/wp\/v2\/users\/2"}],"replies":[{"embeddable":true,"href":"http:\/\/fwg-woellstadt.de\/index.php\/wp-json\/wp\/v2\/comments?post=1420"}],"version-history":[{"count":1,"href":"http:\/\/fwg-woellstadt.de\/index.php\/wp-json\/wp\/v2\/posts\/1420\/revisions"}],"predecessor-version":[{"id":1422,"href":"http:\/\/fwg-woellstadt.de\/index.php\/wp-json\/wp\/v2\/posts\/1420\/revisions\/1422"}],"wp:featuredmedia":[{"embeddable":true,"href":"http:\/\/fwg-woellstadt.de\/index.php\/wp-json\/wp\/v2\/media\/1421"}],"wp:attachment":[{"href":"http:\/\/fwg-woellstadt.de\/index.php\/wp-json\/wp\/v2\/media?parent=1420"}],"wp:term":[{"taxonomy":"category","embeddable":true,"href":"http:\/\/fwg-woellstadt.de\/index.php\/wp-json\/wp\/v2\/categories?post=1420"},{"taxonomy":"post_tag","embeddable":true,"href":"http:\/\/fwg-woellstadt.de\/index.php\/wp-json\/wp\/v2\/tags?post=1420"}],"curies":[{"name":"wp","href":"https:\/\/api.w.org\/{rel}","templated":true}]}}