{"id":1606,"date":"2021-04-08T07:25:10","date_gmt":"2021-04-08T05:25:10","guid":{"rendered":"http:\/\/fwg-woellstadt.de\/?p=1606"},"modified":"2021-04-08T07:25:11","modified_gmt":"2021-04-08T05:25:11","slug":"buergerwillen-in-allen-gremien-vertreten","status":"publish","type":"post","link":"http:\/\/fwg-woellstadt.de\/index.php\/2021\/04\/08\/buergerwillen-in-allen-gremien-vertreten\/","title":{"rendered":"B\u00fcrgerwillen in allen Gremien vertreten"},"content":{"rendered":"\n<p>Die neugew\u00e4hlten Fraktionen der SPD und der FWG haben sich darauf geeinigt, dass die Anzahl der ehrenamtlichen Beigeordneten auf 6 erh\u00f6ht wird. Die Fraktionen der FWG und SPD stellen in der Gemeindevertretung eine Mehrheit. Gemeinsam haben FWG und SPD einen Stimmenanteil von 60,1%. Die W\u00f6llst\u00e4dterinnen und W\u00f6llst\u00e4dter haben den beiden Fraktionen einen Auftrag und das Vertrauen f\u00fcr diese Legislaturperiode \u00fcbertragen.<\/p>\n\n\n\n<p>Zurzeit sind 5 Beigeordneten zusammen mit dem B\u00fcrgermeister im Gemeindevorstand. Auch dieses Gremium wird nach dem Hare-Niemeyer-Verfahren berechnet. Sollten alle Gemeindevertreter\/innen f\u00fcr &#8222;ihre&#8220; Liste stimmen, w\u00fcrde die FWG 2 Mandate, die SPD 1 Mandat und die CDU 2 Mandate erhalten. Gemeinsam mit dem B\u00fcrgermeister hat die CDU (die bei der Wahl lediglich 39,9% erhielt) eine Mehrheit, da bei einem Patt die Stimme des B\u00fcrgermeisters den Ausschlag gibt. Mit der Erh\u00f6hung der Beigeordneten w\u00fcrde die FWG 1 Mandat dazuerhalten.<\/p>\n\n\n\n<p>&#8222;Uns geht es hier nicht darum einen Posten mehr zu besetzen. Viel Wichtiger: Mit der \u00c4nderung der Hauptsatzung soll auch im Gemeindevorstand der Wille von 60,1% der B\u00fcrgerinnen und B\u00fcrger vertreten werden k\u00f6nnen&#8220;, erkl\u00e4rte Udo Sch\u00e4fer den Antrag. Im Gemeindevorstand werden neben Verwaltungsaufgaben auch die gro\u00dfen Projekte wie Rathaus- und B\u00fcrgerhaus-Neubau besprochen. <\/p>\n\n\n\n<p>Ein ehrenamtlicher Beigeordneter bedeutet etwas mehr Aufwandsentsch\u00e4digung f\u00fcr die Sitzungsteilnahme. &#8222;Wir wollen nicht, dass die Gemeinde W\u00f6llstadt hierdurch einen finanziellen Nachteil hat. Die Freie W\u00e4hlergemeinschaft hat sich daher dazu entschieden, dass wir der Gemeinde regelm\u00e4\u00dfig Spenden \u00fcberreichen&#8220;, erkl\u00e4rte Bianca Best.<\/p>\n\n\n\n<p>Zum Antrag: <a href=\"http:\/\/fwg-woellstadt.de\/index.php\/2021\/04\/08\/antrag-aenderung-der-hauptsatzung\/\" class=\"rank-math-link\">http:\/\/fwg-woellstadt.de\/index.php\/2021\/04\/08\/antrag-aenderung-der-hauptsatzung\/<\/a><\/p>\n","protected":false},"excerpt":{"rendered":"<div class=\"mh-excerpt\"><p>Die neugew\u00e4hlten Fraktionen der SPD und der FWG haben sich darauf geeinigt, dass die Anzahl der ehrenamtlichen Beigeordneten auf 6 erh\u00f6ht wird. Die Fraktionen der FWG und SPD stellen in der Gemeindevertretung eine Mehrheit. Gemeinsam <a class=\"mh-excerpt-more\" href=\"http:\/\/fwg-woellstadt.de\/index.php\/2021\/04\/08\/buergerwillen-in-allen-gremien-vertreten\/\" title=\"B\u00fcrgerwillen in allen Gremien vertreten\">[&#8230;]<\/a><\/p>\n<\/div>","protected":false},"author":2,"featured_media":1607,"comment_status":"closed","ping_status":"open","sticky":false,"template":"","format":"standard","meta":{"_EventAllDay":false,"_EventTimezone":"","_EventStartDate":"","_EventEndDate":"","_EventStartDateUTC":"","_EventEndDateUTC":"","_EventShowMap":false,"_EventShowMapLink":false,"_EventURL":"","_EventCost":"","_EventCostDescription":"","_EventCurrencySymbol":"","_EventCurrencyCode":"","_EventCurrencyPosition":"","_EventDateTimeSeparator":"","_EventTimeRangeSeparator":"","_EventOrganizerID":[],"_EventVenueID":[],"_OrganizerEmail":"","_OrganizerPhone":"","_OrganizerWebsite":"","_VenueAddress":"","_VenueCity":"","_VenueCountry":"","_VenueProvince":"","_VenueState":"","_VenueZip":"","_VenuePhone":"","_VenueURL":"","_VenueStateProvince":"","_VenueLat":"","_VenueLng":"","_VenueShowMap":false,"_VenueShowMapLink":false,"footnotes":""},"categories":[2],"tags":[48],"class_list":["post-1606","post","type-post","status-publish","format-standard","has-post-thumbnail","category-gemeindepolitik","tag-fwg-naeher-am-menschen"],"_links":{"self":[{"href":"http:\/\/fwg-woellstadt.de\/index.php\/wp-json\/wp\/v2\/posts\/1606","targetHints":{"allow":["GET"]}}],"collection":[{"href":"http:\/\/fwg-woellstadt.de\/index.php\/wp-json\/wp\/v2\/posts"}],"about":[{"href":"http:\/\/fwg-woellstadt.de\/index.php\/wp-json\/wp\/v2\/types\/post"}],"author":[{"embeddable":true,"href":"http:\/\/fwg-woellstadt.de\/index.php\/wp-json\/wp\/v2\/users\/2"}],"replies":[{"embeddable":true,"href":"http:\/\/fwg-woellstadt.de\/index.php\/wp-json\/wp\/v2\/comments?post=1606"}],"version-history":[{"count":1,"href":"http:\/\/fwg-woellstadt.de\/index.php\/wp-json\/wp\/v2\/posts\/1606\/revisions"}],"predecessor-version":[{"id":1608,"href":"http:\/\/fwg-woellstadt.de\/index.php\/wp-json\/wp\/v2\/posts\/1606\/revisions\/1608"}],"wp:featuredmedia":[{"embeddable":true,"href":"http:\/\/fwg-woellstadt.de\/index.php\/wp-json\/wp\/v2\/media\/1607"}],"wp:attachment":[{"href":"http:\/\/fwg-woellstadt.de\/index.php\/wp-json\/wp\/v2\/media?parent=1606"}],"wp:term":[{"taxonomy":"category","embeddable":true,"href":"http:\/\/fwg-woellstadt.de\/index.php\/wp-json\/wp\/v2\/categories?post=1606"},{"taxonomy":"post_tag","embeddable":true,"href":"http:\/\/fwg-woellstadt.de\/index.php\/wp-json\/wp\/v2\/tags?post=1606"}],"curies":[{"name":"wp","href":"https:\/\/api.w.org\/{rel}","templated":true}]}}