{"id":1623,"date":"2021-05-30T17:09:10","date_gmt":"2021-05-30T15:09:10","guid":{"rendered":"http:\/\/fwg-woellstadt.de\/?p=1623"},"modified":"2021-05-30T17:09:10","modified_gmt":"2021-05-30T15:09:10","slug":"aussenbereich-der-roemerstube-aufgewertet","status":"publish","type":"post","link":"http:\/\/fwg-woellstadt.de\/index.php\/2021\/05\/30\/aussenbereich-der-roemerstube-aufgewertet\/","title":{"rendered":"Au\u00dfenbereich der R\u00f6merstube aufgewertet"},"content":{"rendered":"\n<p>Seit kurzem k\u00f6nnen die Restaurants in W\u00f6llstadt wieder G\u00e4ste bewirten. Die Familie Galic hatte die FWG darauf angesprochen, dass der Au\u00dfenbereich der gemeindeeigenen Liegenschaft an der R\u00f6merhalle in einem schlechten Zustand war. &#8222;Hier konnten wir auf dem kurzen Dienstweg eine schnelle L\u00f6sung finden. Wir m\u00f6chten B\u00fcrgermeister Roskoni und dem Bauhof-Team f\u00fcr die schnelle Umsetzung Dankesch\u00f6n sagen&#8220;, sagte die FWG-Fraktionsvorsitzende Bianca Best. Unter anderem wurde der Zaun des Biergartens erneuert. Die Freie W\u00e4hlergemeinschaft besuchte Stefan und Ivka Galic, die die R\u00f6merstube bereits seit \u00fcber 27 Jahren betreiben. &#8222;Wir w\u00fcnschen allen Gastronomen in Ober- und Nieder-W\u00f6llstadt nach einer schweren Zeit nun gute Gesch\u00e4fte&#8220;, sagte Sebastian Briel.<\/p>\n","protected":false},"excerpt":{"rendered":"<div class=\"mh-excerpt\"><p>Seit kurzem k\u00f6nnen die Restaurants in W\u00f6llstadt wieder G\u00e4ste bewirten. Die Familie Galic hatte die FWG darauf angesprochen, dass der Au\u00dfenbereich der gemeindeeigenen Liegenschaft an der R\u00f6merhalle in einem schlechten Zustand war. &#8222;Hier konnten wir <a class=\"mh-excerpt-more\" href=\"http:\/\/fwg-woellstadt.de\/index.php\/2021\/05\/30\/aussenbereich-der-roemerstube-aufgewertet\/\" title=\"Au\u00dfenbereich der R\u00f6merstube aufgewertet\">[&#8230;]<\/a><\/p>\n<\/div>","protected":false},"author":2,"featured_media":1622,"comment_status":"closed","ping_status":"open","sticky":false,"template":"","format":"standard","meta":{"_EventAllDay":false,"_EventTimezone":"","_EventStartDate":"","_EventEndDate":"","_EventStartDateUTC":"","_EventEndDateUTC":"","_EventShowMap":false,"_EventShowMapLink":false,"_EventURL":"","_EventCost":"","_EventCostDescription":"","_EventCurrencySymbol":"","_EventCurrencyCode":"","_EventCurrencyPosition":"","_EventDateTimeSeparator":"","_EventTimeRangeSeparator":"","_EventOrganizerID":[],"_EventVenueID":[],"_OrganizerEmail":"","_OrganizerPhone":"","_OrganizerWebsite":"","_VenueAddress":"","_VenueCity":"","_VenueCountry":"","_VenueProvince":"","_VenueState":"","_VenueZip":"","_VenuePhone":"","_VenueURL":"","_VenueStateProvince":"","_VenueLat":"","_VenueLng":"","_VenueShowMap":false,"_VenueShowMapLink":false,"footnotes":""},"categories":[2],"tags":[50,48,54],"class_list":["post-1623","post","type-post","status-publish","format-standard","has-post-thumbnail","category-gemeindepolitik","tag-corona","tag-fwg-naeher-am-menschen","tag-wirtschaftsfoerderung"],"_links":{"self":[{"href":"http:\/\/fwg-woellstadt.de\/index.php\/wp-json\/wp\/v2\/posts\/1623","targetHints":{"allow":["GET"]}}],"collection":[{"href":"http:\/\/fwg-woellstadt.de\/index.php\/wp-json\/wp\/v2\/posts"}],"about":[{"href":"http:\/\/fwg-woellstadt.de\/index.php\/wp-json\/wp\/v2\/types\/post"}],"author":[{"embeddable":true,"href":"http:\/\/fwg-woellstadt.de\/index.php\/wp-json\/wp\/v2\/users\/2"}],"replies":[{"embeddable":true,"href":"http:\/\/fwg-woellstadt.de\/index.php\/wp-json\/wp\/v2\/comments?post=1623"}],"version-history":[{"count":1,"href":"http:\/\/fwg-woellstadt.de\/index.php\/wp-json\/wp\/v2\/posts\/1623\/revisions"}],"predecessor-version":[{"id":1624,"href":"http:\/\/fwg-woellstadt.de\/index.php\/wp-json\/wp\/v2\/posts\/1623\/revisions\/1624"}],"wp:featuredmedia":[{"embeddable":true,"href":"http:\/\/fwg-woellstadt.de\/index.php\/wp-json\/wp\/v2\/media\/1622"}],"wp:attachment":[{"href":"http:\/\/fwg-woellstadt.de\/index.php\/wp-json\/wp\/v2\/media?parent=1623"}],"wp:term":[{"taxonomy":"category","embeddable":true,"href":"http:\/\/fwg-woellstadt.de\/index.php\/wp-json\/wp\/v2\/categories?post=1623"},{"taxonomy":"post_tag","embeddable":true,"href":"http:\/\/fwg-woellstadt.de\/index.php\/wp-json\/wp\/v2\/tags?post=1623"}],"curies":[{"name":"wp","href":"https:\/\/api.w.org\/{rel}","templated":true}]}}