{"id":1719,"date":"2021-10-08T07:13:28","date_gmt":"2021-10-08T05:13:28","guid":{"rendered":"http:\/\/fwg-woellstadt.de\/?p=1719"},"modified":"2021-10-08T07:13:29","modified_gmt":"2021-10-08T05:13:29","slug":"fwg-vorschlag-zum-klimaschutzkonzept-beschlossen","status":"publish","type":"post","link":"http:\/\/fwg-woellstadt.de\/index.php\/2021\/10\/08\/fwg-vorschlag-zum-klimaschutzkonzept-beschlossen\/","title":{"rendered":"FWG-Vorschlag zum Klimaschutzkonzept beschlossen"},"content":{"rendered":"\n<p>Die Gemeindevertretung hat den\u00a0\u00a0FWG-Antrag zum Klimaschutzkonzept beschlossen.\u00a0\u00a0Der Gemeindevorstand soll ein Klimaschutzkonzept vorlegen. Hierzu soll zun\u00e4chst mit B\u00fcrgerinnen und B\u00fcrgern sowie Fachleuten wie Vereins- und Verbandsvertretern, Landwirtschaft und Jagdp\u00e4chtern ein Beteiligungsverfahren stattfinden. In regelm\u00e4\u00dfigen Sitzungen des \u201eGr\u00fcnen Tisches\u201c sollen so Ideen f\u00fcr ein kommunales Klimaschutzkonzept entwickelt werden.<br><br>\u201eF\u00fcr die Freie W\u00e4hlergemeinschaft ist Klimaschutz ein zentrales Thema. Dabei wollen wir jedoch B\u00fcrgerinnen und B\u00fcrger bei den Entscheidungen beteiligen\u201c, sagte der FWG-Fraktionsvorsitzende Gerhard Schlautek. Die CDU will dagegen einen teuren externen Dienstleister beauftragen. \u201eWir glauben, dass es in W\u00f6llstadt viele Menschen gibt, die gute Ideen haben, wie sich unsere Gemeinde klimabewusst weiterentwickeln kann\u201c, sagte FWG-Gemeindevertreter Maximilian Best.<br><br>Gerne h\u00e4tte wir bereits in der letzten Sitzung eine Sprecherin bzw. einen Sprecher f\u00fcr den &#8222;Gr\u00fcnen Tisch&#8220; gew\u00e4hlt, so dass im Oktober bereits mit der Arbeit begonnen werden k\u00f6nnte. &#8222;Die CDU hat darum gebeten, dies erst im November zu machen. Da es uns um ein konstruktives Miteinander geht, haben wir gemeinsam mit CDU und SPD\u00a0\u00a0die Wahl zur\u00fcckgestellt&#8220;, sagte die FWG-Fraktionsvorsitzende Bianca Best.<\/p>\n","protected":false},"excerpt":{"rendered":"<div class=\"mh-excerpt\"><p>Die Gemeindevertretung hat den\u00a0\u00a0FWG-Antrag zum Klimaschutzkonzept beschlossen.\u00a0\u00a0Der Gemeindevorstand soll ein Klimaschutzkonzept vorlegen. Hierzu soll zun\u00e4chst mit B\u00fcrgerinnen und B\u00fcrgern sowie Fachleuten wie Vereins- und Verbandsvertretern, Landwirtschaft und Jagdp\u00e4chtern ein Beteiligungsverfahren stattfinden. In regelm\u00e4\u00dfigen Sitzungen des <a class=\"mh-excerpt-more\" href=\"http:\/\/fwg-woellstadt.de\/index.php\/2021\/10\/08\/fwg-vorschlag-zum-klimaschutzkonzept-beschlossen\/\" title=\"FWG-Vorschlag zum Klimaschutzkonzept beschlossen\">[&#8230;]<\/a><\/p>\n<\/div>","protected":false},"author":2,"featured_media":1720,"comment_status":"closed","ping_status":"open","sticky":false,"template":"","format":"standard","meta":{"_EventAllDay":false,"_EventTimezone":"","_EventStartDate":"","_EventEndDate":"","_EventStartDateUTC":"","_EventEndDateUTC":"","_EventShowMap":false,"_EventShowMapLink":false,"_EventURL":"","_EventCost":"","_EventCostDescription":"","_EventCurrencySymbol":"","_EventCurrencyCode":"","_EventCurrencyPosition":"","_EventDateTimeSeparator":"","_EventTimeRangeSeparator":"","_EventOrganizerID":[],"_EventVenueID":[],"_OrganizerEmail":"","_OrganizerPhone":"","_OrganizerWebsite":"","_VenueAddress":"","_VenueCity":"","_VenueCountry":"","_VenueProvince":"","_VenueState":"","_VenueZip":"","_VenuePhone":"","_VenueURL":"","_VenueStateProvince":"","_VenueLat":"","_VenueLng":"","_VenueShowMap":false,"_VenueShowMapLink":false,"footnotes":""},"categories":[2],"tags":[55,53],"class_list":["post-1719","post","type-post","status-publish","format-standard","has-post-thumbnail","category-gemeindepolitik","tag-naturschutz","tag-umwelt"],"_links":{"self":[{"href":"http:\/\/fwg-woellstadt.de\/index.php\/wp-json\/wp\/v2\/posts\/1719","targetHints":{"allow":["GET"]}}],"collection":[{"href":"http:\/\/fwg-woellstadt.de\/index.php\/wp-json\/wp\/v2\/posts"}],"about":[{"href":"http:\/\/fwg-woellstadt.de\/index.php\/wp-json\/wp\/v2\/types\/post"}],"author":[{"embeddable":true,"href":"http:\/\/fwg-woellstadt.de\/index.php\/wp-json\/wp\/v2\/users\/2"}],"replies":[{"embeddable":true,"href":"http:\/\/fwg-woellstadt.de\/index.php\/wp-json\/wp\/v2\/comments?post=1719"}],"version-history":[{"count":1,"href":"http:\/\/fwg-woellstadt.de\/index.php\/wp-json\/wp\/v2\/posts\/1719\/revisions"}],"predecessor-version":[{"id":1721,"href":"http:\/\/fwg-woellstadt.de\/index.php\/wp-json\/wp\/v2\/posts\/1719\/revisions\/1721"}],"wp:featuredmedia":[{"embeddable":true,"href":"http:\/\/fwg-woellstadt.de\/index.php\/wp-json\/wp\/v2\/media\/1720"}],"wp:attachment":[{"href":"http:\/\/fwg-woellstadt.de\/index.php\/wp-json\/wp\/v2\/media?parent=1719"}],"wp:term":[{"taxonomy":"category","embeddable":true,"href":"http:\/\/fwg-woellstadt.de\/index.php\/wp-json\/wp\/v2\/categories?post=1719"},{"taxonomy":"post_tag","embeddable":true,"href":"http:\/\/fwg-woellstadt.de\/index.php\/wp-json\/wp\/v2\/tags?post=1719"}],"curies":[{"name":"wp","href":"https:\/\/api.w.org\/{rel}","templated":true}]}}