{"id":1768,"date":"2021-11-15T07:16:00","date_gmt":"2021-11-15T06:16:00","guid":{"rendered":"http:\/\/fwg-woellstadt.de\/?p=1768"},"modified":"2021-11-15T07:12:15","modified_gmt":"2021-11-15T06:12:15","slug":"konzept-zur-parkplatzsituation-in-beiden-ortsteilen-soll-erstellt-werden","status":"publish","type":"post","link":"http:\/\/fwg-woellstadt.de\/index.php\/2021\/11\/15\/konzept-zur-parkplatzsituation-in-beiden-ortsteilen-soll-erstellt-werden\/","title":{"rendered":"Konzept zur Parkplatzsituation in beiden Ortsteilen soll erstellt werden"},"content":{"rendered":"\n<p>Die Freie W\u00e4hlergemeinschaft setzt sich daf\u00fcr ein, dass mehr Parkpl\u00e4tze in W\u00f6llstadt entstehen. Gleichzeitig sollen die aktuellen Verkehrsschilder \u00fcberpr\u00fcft werden.&nbsp;<br><br>\u201eViele B\u00fcrgerinnen und B\u00fcrger haben uns angesprochen und sich \u00fcber die zum Teil desolate Parksituation in W\u00f6llstadt beschwert. In unserer B\u00fcrgerbefragung in diesem Jahr erkl\u00e4rten fast 60 %, dass es in W\u00f6llstadt nicht genug Parkpl\u00e4tze gibt\u201c, erkl\u00e4rten die beiden FWG-Fraktionsvorsitzenden Bianca Best und Gerhard Schlautek. \u201eDie FWG-Fraktion will diesen Umstand verbessern und bittet den Gemeindevorstand hier mit der Planung zu beginnen.\u201c<br><br>B\u00fcrgermeister Roskoni berichtete bereits im September von der M\u00f6glichkeit \u00fcber das F\u00f6rderprogramm \u201eLebendige Zentren\u201c ein Parkraumkonzept zu finanzieren. Hier k\u00f6nnte mit einem Fachplaner eine ganzheitliche L\u00f6sung entwickelt werden. \u201eWir unterst\u00fctzen auch diesen Vorschlag, da er zu einer Verbesserung f\u00fchren k\u00f6nnte\u201c, sagte FWG-Gemeindevertreter Lutz Gr\u00fcnsfelder.&nbsp;<br><br>Der Antrag der FWG wurde mit einer Begr\u00fcndung konkretisiert und nun erneut im Ausschuss beraten. Der Bauausschuss empfiehlt das Parkraumkonzept und die \u00dcberpr\u00fcfung der Verkehrsschilder. &#8222;Wir hoffen nun, dass unser Antrag die Zustimmung der Gemeindevertretung erh\u00e4lt&#8220;, sagte der FWG-Gemeindevertreter Maximilian Best.<\/p>\n","protected":false},"excerpt":{"rendered":"<div class=\"mh-excerpt\"><p>Die Freie W\u00e4hlergemeinschaft setzt sich daf\u00fcr ein, dass mehr Parkpl\u00e4tze in W\u00f6llstadt entstehen. Gleichzeitig sollen die aktuellen Verkehrsschilder \u00fcberpr\u00fcft werden.&nbsp; \u201eViele B\u00fcrgerinnen und B\u00fcrger haben uns angesprochen und sich \u00fcber die zum Teil desolate Parksituation <a class=\"mh-excerpt-more\" href=\"http:\/\/fwg-woellstadt.de\/index.php\/2021\/11\/15\/konzept-zur-parkplatzsituation-in-beiden-ortsteilen-soll-erstellt-werden\/\" title=\"Konzept zur Parkplatzsituation in beiden Ortsteilen soll erstellt werden\">[&#8230;]<\/a><\/p>\n<\/div>","protected":false},"author":2,"featured_media":1769,"comment_status":"closed","ping_status":"open","sticky":false,"template":"","format":"standard","meta":{"_EventAllDay":false,"_EventTimezone":"","_EventStartDate":"","_EventEndDate":"","_EventStartDateUTC":"","_EventEndDateUTC":"","_EventShowMap":false,"_EventShowMapLink":false,"_EventURL":"","_EventCost":"","_EventCostDescription":"","_EventCurrencySymbol":"","_EventCurrencyCode":"","_EventCurrencyPosition":"","_EventDateTimeSeparator":"","_EventTimeRangeSeparator":"","_EventOrganizerID":[],"_EventVenueID":[],"_OrganizerEmail":"","_OrganizerPhone":"","_OrganizerWebsite":"","_VenueAddress":"","_VenueCity":"","_VenueCountry":"","_VenueProvince":"","_VenueState":"","_VenueZip":"","_VenuePhone":"","_VenueURL":"","_VenueStateProvince":"","_VenueLat":"","_VenueLng":"","_VenueShowMap":false,"_VenueShowMapLink":false,"footnotes":""},"categories":[2],"tags":[30,59],"class_list":["post-1768","post","type-post","status-publish","format-standard","has-post-thumbnail","category-gemeindepolitik","tag-gemeindeentwicklung","tag-verkehrssicherheit"],"_links":{"self":[{"href":"http:\/\/fwg-woellstadt.de\/index.php\/wp-json\/wp\/v2\/posts\/1768","targetHints":{"allow":["GET"]}}],"collection":[{"href":"http:\/\/fwg-woellstadt.de\/index.php\/wp-json\/wp\/v2\/posts"}],"about":[{"href":"http:\/\/fwg-woellstadt.de\/index.php\/wp-json\/wp\/v2\/types\/post"}],"author":[{"embeddable":true,"href":"http:\/\/fwg-woellstadt.de\/index.php\/wp-json\/wp\/v2\/users\/2"}],"replies":[{"embeddable":true,"href":"http:\/\/fwg-woellstadt.de\/index.php\/wp-json\/wp\/v2\/comments?post=1768"}],"version-history":[{"count":1,"href":"http:\/\/fwg-woellstadt.de\/index.php\/wp-json\/wp\/v2\/posts\/1768\/revisions"}],"predecessor-version":[{"id":1770,"href":"http:\/\/fwg-woellstadt.de\/index.php\/wp-json\/wp\/v2\/posts\/1768\/revisions\/1770"}],"wp:featuredmedia":[{"embeddable":true,"href":"http:\/\/fwg-woellstadt.de\/index.php\/wp-json\/wp\/v2\/media\/1769"}],"wp:attachment":[{"href":"http:\/\/fwg-woellstadt.de\/index.php\/wp-json\/wp\/v2\/media?parent=1768"}],"wp:term":[{"taxonomy":"category","embeddable":true,"href":"http:\/\/fwg-woellstadt.de\/index.php\/wp-json\/wp\/v2\/categories?post=1768"},{"taxonomy":"post_tag","embeddable":true,"href":"http:\/\/fwg-woellstadt.de\/index.php\/wp-json\/wp\/v2\/tags?post=1768"}],"curies":[{"name":"wp","href":"https:\/\/api.w.org\/{rel}","templated":true}]}}