{"id":1793,"date":"2022-01-28T15:52:55","date_gmt":"2022-01-28T14:52:55","guid":{"rendered":"http:\/\/fwg-woellstadt.de\/?p=1793"},"modified":"2022-01-28T15:52:55","modified_gmt":"2022-01-28T14:52:55","slug":"anschaffung-von-luftreiniger-fuer-kitas-soll-geprueft-werden","status":"publish","type":"post","link":"http:\/\/fwg-woellstadt.de\/index.php\/2022\/01\/28\/anschaffung-von-luftreiniger-fuer-kitas-soll-geprueft-werden\/","title":{"rendered":"Anschaffung von Luftreiniger f\u00fcr Kitas soll gepr\u00fcft werden"},"content":{"rendered":"\n<p>Einen Antrag der CDU zur Beschaffung von Raumluftfiltern soll der Gemeindevorstand bis zur n\u00e4chsten regul\u00e4ren Sitzung des Haupt- und Finanzausschusses am 10.2. pr\u00fcfen. Bereits im letzten Sommer wurde von der Gemeindevertretung beschlossen, dass der Gemeindevorstand pr\u00fcft welche M\u00f6glichkeiten bestehen. Innerhalb k\u00fcrzester Zeit wurden Raumluft-Ampeln angeschafft, die nun in allen Kitas vorhanden sind und gut angenommen werden. &#8222;Wir vertrauen dem B\u00fcrgermeister und dem Gemeindevorstand, dass sie ihren Job richtig machen und die richtigen Entscheidungen treffen&#8220;, sagte Thorsten Drauth von der FWG. Die CDU hingegen kritisierte den B\u00fcrgermeister und den Gemeindevorstand scharf. Adrian Roskoni erkl\u00e4rte, dass W\u00f6llstadt in keinem Fall ein Schlusslicht sei. &#8222;Zun\u00e4chst sollten unsere Kita-Leitungen befragt, Erfahrungen bei anderen Kommunen abgefragt und Angebote eingeholt werden. Die n\u00e4chste Sitzung ist bereits in 2 Wochen. Deshalb schlagen wir vor, dass das Thema zun\u00e4chst gr\u00fcndlich vorbereitet wird&#8220;, sagte die FWG-Fraktionsvorsitzende Bianca Best.<\/p>\n","protected":false},"excerpt":{"rendered":"<div class=\"mh-excerpt\"><p>Einen Antrag der CDU zur Beschaffung von Raumluftfiltern soll der Gemeindevorstand bis zur n\u00e4chsten regul\u00e4ren Sitzung des Haupt- und Finanzausschusses am 10.2. pr\u00fcfen. Bereits im letzten Sommer wurde von der Gemeindevertretung beschlossen, dass der Gemeindevorstand <a class=\"mh-excerpt-more\" href=\"http:\/\/fwg-woellstadt.de\/index.php\/2022\/01\/28\/anschaffung-von-luftreiniger-fuer-kitas-soll-geprueft-werden\/\" title=\"Anschaffung von Luftreiniger f\u00fcr Kitas soll gepr\u00fcft werden\">[&#8230;]<\/a><\/p>\n<\/div>","protected":false},"author":2,"featured_media":1794,"comment_status":"closed","ping_status":"open","sticky":false,"template":"","format":"standard","meta":{"_EventAllDay":false,"_EventTimezone":"","_EventStartDate":"","_EventEndDate":"","_EventStartDateUTC":"","_EventEndDateUTC":"","_EventShowMap":false,"_EventShowMapLink":false,"_EventURL":"","_EventCost":"","_EventCostDescription":"","_EventCurrencySymbol":"","_EventCurrencyCode":"","_EventCurrencyPosition":"","_EventDateTimeSeparator":"","_EventTimeRangeSeparator":"","_EventOrganizerID":[],"_EventVenueID":[],"_OrganizerEmail":"","_OrganizerPhone":"","_OrganizerWebsite":"","_VenueAddress":"","_VenueCity":"","_VenueCountry":"","_VenueProvince":"","_VenueState":"","_VenueZip":"","_VenuePhone":"","_VenueURL":"","_VenueStateProvince":"","_VenueLat":"","_VenueLng":"","_VenueShowMap":false,"_VenueShowMapLink":false,"footnotes":""},"categories":[2],"tags":[50,11],"class_list":["post-1793","post","type-post","status-publish","format-standard","has-post-thumbnail","category-gemeindepolitik","tag-corona","tag-kinderbetreuung"],"_links":{"self":[{"href":"http:\/\/fwg-woellstadt.de\/index.php\/wp-json\/wp\/v2\/posts\/1793","targetHints":{"allow":["GET"]}}],"collection":[{"href":"http:\/\/fwg-woellstadt.de\/index.php\/wp-json\/wp\/v2\/posts"}],"about":[{"href":"http:\/\/fwg-woellstadt.de\/index.php\/wp-json\/wp\/v2\/types\/post"}],"author":[{"embeddable":true,"href":"http:\/\/fwg-woellstadt.de\/index.php\/wp-json\/wp\/v2\/users\/2"}],"replies":[{"embeddable":true,"href":"http:\/\/fwg-woellstadt.de\/index.php\/wp-json\/wp\/v2\/comments?post=1793"}],"version-history":[{"count":1,"href":"http:\/\/fwg-woellstadt.de\/index.php\/wp-json\/wp\/v2\/posts\/1793\/revisions"}],"predecessor-version":[{"id":1795,"href":"http:\/\/fwg-woellstadt.de\/index.php\/wp-json\/wp\/v2\/posts\/1793\/revisions\/1795"}],"wp:featuredmedia":[{"embeddable":true,"href":"http:\/\/fwg-woellstadt.de\/index.php\/wp-json\/wp\/v2\/media\/1794"}],"wp:attachment":[{"href":"http:\/\/fwg-woellstadt.de\/index.php\/wp-json\/wp\/v2\/media?parent=1793"}],"wp:term":[{"taxonomy":"category","embeddable":true,"href":"http:\/\/fwg-woellstadt.de\/index.php\/wp-json\/wp\/v2\/categories?post=1793"},{"taxonomy":"post_tag","embeddable":true,"href":"http:\/\/fwg-woellstadt.de\/index.php\/wp-json\/wp\/v2\/tags?post=1793"}],"curies":[{"name":"wp","href":"https:\/\/api.w.org\/{rel}","templated":true}]}}