{"id":1807,"date":"2022-01-30T16:33:07","date_gmt":"2022-01-30T15:33:07","guid":{"rendered":"http:\/\/fwg-woellstadt.de\/?p=1807"},"modified":"2022-01-30T16:43:04","modified_gmt":"2022-01-30T15:43:04","slug":"gemeindevorstand-praesentiert-gute-loesung-fuer-raumproblem-der-verwaltung","status":"publish","type":"post","link":"http:\/\/fwg-woellstadt.de\/index.php\/2022\/01\/30\/gemeindevorstand-praesentiert-gute-loesung-fuer-raumproblem-der-verwaltung\/","title":{"rendered":"Gemeindevorstand pr\u00e4sentiert gute L\u00f6sung f\u00fcr Raumproblem der Verwaltung"},"content":{"rendered":"\n<p>Adrian Roskoni konnte in der letzten Sitzung der Gemeindevertretung f\u00fcr den Gemeindevorstand mitteilen, dass die Gemeinde die R\u00e4umlichkeiten der ehemaligen Sparkassen-Filiale anmieten kann. Bis 2027 k\u00f6nnen die R\u00e4ume von der Sparkasse in einem Untermietvertrag f\u00fcr eine monatliche Kaltmiete in H\u00f6he von 1.110 \u20ac \u00fcbernommen werden. Die angebotene Fl\u00e4che (225 m\u00b2) sollen f\u00fcr das B\u00fcrgerb\u00fcro, das Einwohnermeldeamt und weitere Verwaltungsstellen genutzt werden.<\/p>\n\n\n\n<p>Die Gemeindevertretung hat die Vorlage beschlossen. \u201eWir freuen uns, dass wir das Angebot f\u00fcr die B\u00fcrgerinnen und B\u00fcrger durch einen modernen Kundenbereich verbessern k\u00f6nnen. Zudem soll die neue Verwaltungsstelle barrierefrei sein. Die Raumsituation der Verwaltung wird mit der Anmietung mittelfristig entspannt\u201c, fassten die beiden FWG-Fraktionsvorsitzenden Bianca Best und Gerhard Schlautek zusammen.<\/p>\n\n\n\n<p>Die Alternative w\u00e4re die Aufstellung der B\u00fcro-Container, die im letzten Jahr gekauft wurden. Nach einer nachtr\u00e4glichen Erh\u00f6hung wegen der Steigerung der Marktpreise w\u00e4ren 120.000 \u20ac f\u00fcr 4 B\u00fcro-Container und 2 Flur-Container auf die Gemeinde an Kosten zugekommen. \u201eDie FWG hat das Projekt immer kritisch begleitet und hatte bereits bei der urspr\u00fcnglichen Entscheidung Alternativen angeregt\u201c, sagte Maximilian Best von der FWG. In vielen konstruktiven Gespr\u00e4chen mit Adrian Roskoni hat die FWG in diesem Jahr angeregt, dass die Container weiterverkauft werden. \u201eWir begr\u00fc\u00dfen die gefundene L\u00f6sung und danken dem B\u00fcrgermeister, dem Gemeindevorstand und der Verwaltung f\u00fcr den Einsatz\u201c, sagte Sebastian Briel und J\u00fcrgen Ristau von der FWG. Die Container konnten an den Wetteraukreis ohne finanziellen Verlust f\u00fcr die Gemeinde weiterverkauft werden.<\/p>\n","protected":false},"excerpt":{"rendered":"<div class=\"mh-excerpt\"><p>Adrian Roskoni konnte in der letzten Sitzung der Gemeindevertretung f\u00fcr den Gemeindevorstand mitteilen, dass die Gemeinde die R\u00e4umlichkeiten der ehemaligen Sparkassen-Filiale anmieten kann. Bis 2027 k\u00f6nnen die R\u00e4ume von der Sparkasse in einem Untermietvertrag f\u00fcr <a class=\"mh-excerpt-more\" href=\"http:\/\/fwg-woellstadt.de\/index.php\/2022\/01\/30\/gemeindevorstand-praesentiert-gute-loesung-fuer-raumproblem-der-verwaltung\/\" title=\"Gemeindevorstand pr\u00e4sentiert gute L\u00f6sung f\u00fcr Raumproblem der Verwaltung\">[&#8230;]<\/a><\/p>\n<\/div>","protected":false},"author":2,"featured_media":1812,"comment_status":"closed","ping_status":"open","sticky":false,"template":"","format":"standard","meta":{"_EventAllDay":false,"_EventTimezone":"","_EventStartDate":"","_EventEndDate":"","_EventStartDateUTC":"","_EventEndDateUTC":"","_EventShowMap":false,"_EventShowMapLink":false,"_EventURL":"","_EventCost":"","_EventCostDescription":"","_EventCurrencySymbol":"","_EventCurrencyCode":"","_EventCurrencyPosition":"","_EventDateTimeSeparator":"","_EventTimeRangeSeparator":"","_EventOrganizerID":[],"_EventVenueID":[],"_OrganizerEmail":"","_OrganizerPhone":"","_OrganizerWebsite":"","_VenueAddress":"","_VenueCity":"","_VenueCountry":"","_VenueProvince":"","_VenueState":"","_VenueZip":"","_VenuePhone":"","_VenueURL":"","_VenueStateProvince":"","_VenueLat":"","_VenueLng":"","_VenueShowMap":false,"_VenueShowMapLink":false,"footnotes":""},"categories":[2],"tags":[87,81],"class_list":["post-1807","post","type-post","status-publish","format-standard","has-post-thumbnail","category-gemeindepolitik","tag-rathaus","tag-verwaltung"],"_links":{"self":[{"href":"http:\/\/fwg-woellstadt.de\/index.php\/wp-json\/wp\/v2\/posts\/1807","targetHints":{"allow":["GET"]}}],"collection":[{"href":"http:\/\/fwg-woellstadt.de\/index.php\/wp-json\/wp\/v2\/posts"}],"about":[{"href":"http:\/\/fwg-woellstadt.de\/index.php\/wp-json\/wp\/v2\/types\/post"}],"author":[{"embeddable":true,"href":"http:\/\/fwg-woellstadt.de\/index.php\/wp-json\/wp\/v2\/users\/2"}],"replies":[{"embeddable":true,"href":"http:\/\/fwg-woellstadt.de\/index.php\/wp-json\/wp\/v2\/comments?post=1807"}],"version-history":[{"count":5,"href":"http:\/\/fwg-woellstadt.de\/index.php\/wp-json\/wp\/v2\/posts\/1807\/revisions"}],"predecessor-version":[{"id":1816,"href":"http:\/\/fwg-woellstadt.de\/index.php\/wp-json\/wp\/v2\/posts\/1807\/revisions\/1816"}],"wp:featuredmedia":[{"embeddable":true,"href":"http:\/\/fwg-woellstadt.de\/index.php\/wp-json\/wp\/v2\/media\/1812"}],"wp:attachment":[{"href":"http:\/\/fwg-woellstadt.de\/index.php\/wp-json\/wp\/v2\/media?parent=1807"}],"wp:term":[{"taxonomy":"category","embeddable":true,"href":"http:\/\/fwg-woellstadt.de\/index.php\/wp-json\/wp\/v2\/categories?post=1807"},{"taxonomy":"post_tag","embeddable":true,"href":"http:\/\/fwg-woellstadt.de\/index.php\/wp-json\/wp\/v2\/tags?post=1807"}],"curies":[{"name":"wp","href":"https:\/\/api.w.org\/{rel}","templated":true}]}}