{"id":1847,"date":"2022-02-16T09:10:19","date_gmt":"2022-02-16T08:10:19","guid":{"rendered":"http:\/\/fwg-woellstadt.de\/?p=1847"},"modified":"2022-02-16T09:10:19","modified_gmt":"2022-02-16T08:10:19","slug":"bericht-zum-bau-planungs-und-umweltausschuss-vom-09-02","status":"publish","type":"post","link":"http:\/\/fwg-woellstadt.de\/index.php\/2022\/02\/16\/bericht-zum-bau-planungs-und-umweltausschuss-vom-09-02\/","title":{"rendered":"Bericht zum Bau-, Planungs- und Umweltausschuss vom 09.02."},"content":{"rendered":"\n<p>Ein Antrag der Freien W\u00e4hlergemeinschaft zu Photovoltaik-Anlagen wurde am vergangenen Mittwoch mehrheitlich bef\u00fcrwortet. Der Gemeindevorstand wird beauftragt die Geeignetheit von Photovoltaik-Anlagen auf Dachfl\u00e4chen von allen kommunalen Liegenschaften \u00fcber einen Externen feststellen lassen. Die Freie W\u00e4hlergemeinschaft will stetig die Themen \u201eNachhaltigkeit\u201c und \u201eKlimaschutz\u201c in W\u00f6llstadt voranbringen. &#8222;Bei dem Photovoltaik-Projekt stellt sich nun jedoch die Frage, welche weiteren Dachfl\u00e4chen von kommunalen Liegenschaften k\u00f6nnten zur Eigenproduktion von Stromenergie genutzt werden&#8220;, sagte FWG-Gemeindevertreter Lutz Gr\u00fcnsfelder. Die Gemeinde W\u00f6llstadt k\u00f6nnte mit Photovoltaik auf ihren D\u00e4chern inkl. Speichertechnik einen Gro\u00dfteil des Eigenverbrauches in den einzelnen Geb\u00e4uden abdecken und so auch langfristig Ausgaben f\u00fcr Energiekosten senken. &#8222;Der Antrag entstand unter anderem durch einen Vorschlag von einem B\u00fcrger. Wir nehmen B\u00fcrgerbeteiligung sehr ernst und freuen uns \u00fcber jeden Vorschlag, den wir erhalten&#8220;, sagte Sebastian Briel von der FWG.<\/p>\n\n\n\n<p>Nicht nachvollziehen k\u00f6nnen wir einen Antrag der CDU zu Flora und Fauna, in dem die CDU fordert, &#8222;dass die Vorgaben des Bundesnaturschutzgesetzes vom Bauhof eingehalten werden.&#8220; In der Bauausschusssitzung waren mit Daniel Wendt (Bauamtsleiter) und Sebastian Szelies (Leiter Bauhof) zwei Vertreter der Gemeinde anwesend. Beide f\u00fchlten sich von dem CDU-Antrag angegriffen und konnten sachlich alle Angriffe der CDU entkr\u00e4ften. &#8222;F\u00fcr uns als Freie W\u00e4hlergemeinschaft ist wichtig, dass wir in W\u00f6llstadt mit Menschen und nicht \u00fcber Menschen sprechen. Im Bauhof arbeiten Facharbeiter, die wissen wie sie ihre Arbeit machen. Wir stehen zu den Mitarbeiterinnen und Mitarbeitern der Gemeinde&#8220;, erkl\u00e4rte die FWG geschlossen. <\/p>\n","protected":false},"excerpt":{"rendered":"<div class=\"mh-excerpt\"><p>Ein Antrag der Freien W\u00e4hlergemeinschaft zu Photovoltaik-Anlagen wurde am vergangenen Mittwoch mehrheitlich bef\u00fcrwortet. Der Gemeindevorstand wird beauftragt die Geeignetheit von Photovoltaik-Anlagen auf Dachfl\u00e4chen von allen kommunalen Liegenschaften \u00fcber einen Externen feststellen lassen. Die Freie W\u00e4hlergemeinschaft <a class=\"mh-excerpt-more\" href=\"http:\/\/fwg-woellstadt.de\/index.php\/2022\/02\/16\/bericht-zum-bau-planungs-und-umweltausschuss-vom-09-02\/\" title=\"Bericht zum Bau-, Planungs- und Umweltausschuss vom 09.02.\">[&#8230;]<\/a><\/p>\n<\/div>","protected":false},"author":2,"featured_media":1848,"comment_status":"closed","ping_status":"open","sticky":false,"template":"","format":"standard","meta":{"_EventAllDay":false,"_EventTimezone":"","_EventStartDate":"","_EventEndDate":"","_EventStartDateUTC":"","_EventEndDateUTC":"","_EventShowMap":false,"_EventShowMapLink":false,"_EventURL":"","_EventCost":"","_EventCostDescription":"","_EventCurrencySymbol":"","_EventCurrencyCode":"","_EventCurrencyPosition":"","_EventDateTimeSeparator":"","_EventTimeRangeSeparator":"","_EventOrganizerID":[],"_EventVenueID":[],"_OrganizerEmail":"","_OrganizerPhone":"","_OrganizerWebsite":"","_VenueAddress":"","_VenueCity":"","_VenueCountry":"","_VenueProvince":"","_VenueState":"","_VenueZip":"","_VenuePhone":"","_VenueURL":"","_VenueStateProvince":"","_VenueLat":"","_VenueLng":"","_VenueShowMap":false,"_VenueShowMapLink":false,"footnotes":""},"categories":[2],"tags":[29,98,90,80,92],"class_list":["post-1847","post","type-post","status-publish","format-standard","has-post-thumbnail","category-gemeindepolitik","tag-bauamt","tag-gruener-tisch","tag-klimaschutz","tag-nachhaltigkeit","tag-verhalten-der-cdu-woellstadt"],"_links":{"self":[{"href":"http:\/\/fwg-woellstadt.de\/index.php\/wp-json\/wp\/v2\/posts\/1847","targetHints":{"allow":["GET"]}}],"collection":[{"href":"http:\/\/fwg-woellstadt.de\/index.php\/wp-json\/wp\/v2\/posts"}],"about":[{"href":"http:\/\/fwg-woellstadt.de\/index.php\/wp-json\/wp\/v2\/types\/post"}],"author":[{"embeddable":true,"href":"http:\/\/fwg-woellstadt.de\/index.php\/wp-json\/wp\/v2\/users\/2"}],"replies":[{"embeddable":true,"href":"http:\/\/fwg-woellstadt.de\/index.php\/wp-json\/wp\/v2\/comments?post=1847"}],"version-history":[{"count":1,"href":"http:\/\/fwg-woellstadt.de\/index.php\/wp-json\/wp\/v2\/posts\/1847\/revisions"}],"predecessor-version":[{"id":1849,"href":"http:\/\/fwg-woellstadt.de\/index.php\/wp-json\/wp\/v2\/posts\/1847\/revisions\/1849"}],"wp:featuredmedia":[{"embeddable":true,"href":"http:\/\/fwg-woellstadt.de\/index.php\/wp-json\/wp\/v2\/media\/1848"}],"wp:attachment":[{"href":"http:\/\/fwg-woellstadt.de\/index.php\/wp-json\/wp\/v2\/media?parent=1847"}],"wp:term":[{"taxonomy":"category","embeddable":true,"href":"http:\/\/fwg-woellstadt.de\/index.php\/wp-json\/wp\/v2\/categories?post=1847"},{"taxonomy":"post_tag","embeddable":true,"href":"http:\/\/fwg-woellstadt.de\/index.php\/wp-json\/wp\/v2\/tags?post=1847"}],"curies":[{"name":"wp","href":"https:\/\/api.w.org\/{rel}","templated":true}]}}