{"id":2006,"date":"2024-04-19T06:41:00","date_gmt":"2024-04-19T04:41:00","guid":{"rendered":"http:\/\/fwg-woellstadt.de\/?p=2006"},"modified":"2024-04-19T06:41:00","modified_gmt":"2024-04-19T04:41:00","slug":"gemeinsam-fuer-woellstadt-fwg-nominiert-markus-schuetz-zum-buergermeisterkandidaten","status":"publish","type":"post","link":"http:\/\/fwg-woellstadt.de\/index.php\/2024\/04\/19\/gemeinsam-fuer-woellstadt-fwg-nominiert-markus-schuetz-zum-buergermeisterkandidaten\/","title":{"rendered":"Gemeinsam f\u00fcr W\u00f6llstadt &#8211; FWG nominiert Markus Sch\u00fctz zum B\u00fcrgermeisterkandidaten"},"content":{"rendered":"\n<p>Die Freie W\u00e4hlergemeinschaft W\u00f6llstadt (FWG) nominiert Markus Sch\u00fctz als B\u00fcrgermeisterkandidaten f\u00fcr W\u00f6llstadt. Das zust\u00e4ndige Organ des FWG-Vereins, die Mitgliederversammlung, nominierte den 49-j\u00e4hrigen Familienvater Markus Sch\u00fctz f\u00fcr die Wahl zum B\u00fcrgermeister am 27. Oktober 2024. Markus Sch\u00fctz vertritt die FWG seit 7 Jahren im Gemeindevorstand und seit 3 Jahren unterst\u00fctzt er als 1. Beigeordneter der Gemeinde den B\u00fcrgermeister bei seiner Arbeit. F\u00fcr die Fraktionsvorsitzenden Gerhard Schlautek und Bianca Best bringt er damit die allerbesten Voraussetzungen f\u00fcr das Amt des B\u00fcrgermeisters mit. Die FWG ist von den sehr guten Chancen von Markus Sch\u00fctz bei seiner Kandidatur f\u00fcr das Amt des W\u00f6llst\u00e4dter B\u00fcrgermeisters \u00fcberzeugt und wird ihn voll unterst\u00fctzen, betont der Vorsitzende des FWG Vereins Heinz-Hermann Bausch.<\/p>\n\n\n\n<p>&nbsp;\u201eMarkus Sch\u00fctz ist der Mann f\u00fcr das W\u00f6llst\u00e4dter Rathaus, weil er sich auskennt, Menschen verbindet und mit gro\u00dfem Tatendrang seine Arbeit anpackt. Seit er den Posten als ehrenamtlicher erster Beigeordneter angetreten hat, ist un\u00fcbersehbar, wie viel Energie und K\u00f6nnen er in seine Arbeit investiert. Eine seiner gro\u00dfen St\u00e4rken ist es, bei seiner Arbeit heute bereits an die Zukunft zu denken. Diese Eigenschaft und sein Verst\u00e4ndnis f\u00fcr gemeinsames Handeln macht aus unserer Sicht einen B\u00fcrgermeister aus\u201c, sagte Heinz-Hermann Bausch nach der Mitgliederversammlung am Dienstag.<\/p>\n\n\n\n<p>Markus Sch\u00fctz, der mit seiner Frau und zwei Kindern seit 2007 in W\u00f6llstadt wohnt, bedankte sich f\u00fcr das gro\u00dfe Vertrauen der FWG. Als N\u00e4chstes will der gelernte Kaufmann auf die W\u00f6llst\u00e4dter B\u00fcrgerinnen und B\u00fcrger zugehen, um seine Ideen und Ziele f\u00fcr W\u00f6llstadt zu pr\u00e4sentieren. Nieder-W\u00f6llstadt und Ober-W\u00f6llstadt sind die Heimat der Vereine, denn kaum irgendwo ist die Vereinsdichte gr\u00f6\u00dfer als bei uns und wir sind die Heimat von Menschen, die sich unterst\u00fctzen und gerne treffen. Jung und Alt sch\u00e4tzen sich hier, das will ich noch weiter ausbauen und f\u00fcr mehr Lebensqualit\u00e4t sorgen\u201c, machte Markus Sch\u00fctz in seiner Nominierungsrede deutlich. &nbsp;<\/p>\n\n\n\n<p>Sein Engagement im Rathaus habe etwas mit ihm gemacht. \u201eJeder Tag, den ich ehrenamtlich im Rathaus verbracht habe, hat meine \u00dcberzeugung f\u00fcr unsere Gemeinde verst\u00e4rkt. Ich habe viele Ideen, wie die Zukunft W\u00f6llstadts gestaltet werden kann. Ich lebe mit voller Leidenschaft f\u00fcr die Arbeit im Rathaus und will die Zeit bis zur Wahl nutzen, um mit den B\u00fcrgerinnen und B\u00fcrgern W\u00f6llstadts bei unterschiedlichen Gelegenheiten zu sprechen um gemeinsam die Zukunft W\u00f6llstadt zu gestalten.\u201c<\/p>\n","protected":false},"excerpt":{"rendered":"<div class=\"mh-excerpt\"><p>Die Freie W\u00e4hlergemeinschaft W\u00f6llstadt (FWG) nominiert Markus Sch\u00fctz als B\u00fcrgermeisterkandidaten f\u00fcr W\u00f6llstadt. Das zust\u00e4ndige Organ des FWG-Vereins, die Mitgliederversammlung, nominierte den 49-j\u00e4hrigen Familienvater Markus Sch\u00fctz f\u00fcr die Wahl zum B\u00fcrgermeister am 27. Oktober 2024. Markus <a class=\"mh-excerpt-more\" href=\"http:\/\/fwg-woellstadt.de\/index.php\/2024\/04\/19\/gemeinsam-fuer-woellstadt-fwg-nominiert-markus-schuetz-zum-buergermeisterkandidaten\/\" title=\"Gemeinsam f\u00fcr W\u00f6llstadt &#8211; FWG nominiert Markus Sch\u00fctz zum B\u00fcrgermeisterkandidaten\">[&#8230;]<\/a><\/p>\n<\/div>","protected":false},"author":2,"featured_media":2007,"comment_status":"closed","ping_status":"open","sticky":false,"template":"","format":"standard","meta":{"_EventAllDay":false,"_EventTimezone":"","_EventStartDate":"","_EventEndDate":"","_EventStartDateUTC":"","_EventEndDateUTC":"","_EventShowMap":false,"_EventShowMapLink":false,"_EventURL":"","_EventCost":"","_EventCostDescription":"","_EventCurrencySymbol":"","_EventCurrencyCode":"","_EventCurrencyPosition":"","_EventDateTimeSeparator":"","_EventTimeRangeSeparator":"","_EventOrganizerID":[],"_EventVenueID":[],"_OrganizerEmail":"","_OrganizerPhone":"","_OrganizerWebsite":"","_VenueAddress":"","_VenueCity":"","_VenueCountry":"","_VenueProvince":"","_VenueState":"","_VenueZip":"","_VenuePhone":"","_VenueURL":"","_VenueStateProvince":"","_VenueLat":"","_VenueLng":"","_VenueShowMap":false,"_VenueShowMapLink":false,"footnotes":""},"categories":[2],"tags":[],"class_list":["post-2006","post","type-post","status-publish","format-standard","has-post-thumbnail","category-gemeindepolitik"],"_links":{"self":[{"href":"http:\/\/fwg-woellstadt.de\/index.php\/wp-json\/wp\/v2\/posts\/2006","targetHints":{"allow":["GET"]}}],"collection":[{"href":"http:\/\/fwg-woellstadt.de\/index.php\/wp-json\/wp\/v2\/posts"}],"about":[{"href":"http:\/\/fwg-woellstadt.de\/index.php\/wp-json\/wp\/v2\/types\/post"}],"author":[{"embeddable":true,"href":"http:\/\/fwg-woellstadt.de\/index.php\/wp-json\/wp\/v2\/users\/2"}],"replies":[{"embeddable":true,"href":"http:\/\/fwg-woellstadt.de\/index.php\/wp-json\/wp\/v2\/comments?post=2006"}],"version-history":[{"count":1,"href":"http:\/\/fwg-woellstadt.de\/index.php\/wp-json\/wp\/v2\/posts\/2006\/revisions"}],"predecessor-version":[{"id":2008,"href":"http:\/\/fwg-woellstadt.de\/index.php\/wp-json\/wp\/v2\/posts\/2006\/revisions\/2008"}],"wp:featuredmedia":[{"embeddable":true,"href":"http:\/\/fwg-woellstadt.de\/index.php\/wp-json\/wp\/v2\/media\/2007"}],"wp:attachment":[{"href":"http:\/\/fwg-woellstadt.de\/index.php\/wp-json\/wp\/v2\/media?parent=2006"}],"wp:term":[{"taxonomy":"category","embeddable":true,"href":"http:\/\/fwg-woellstadt.de\/index.php\/wp-json\/wp\/v2\/categories?post=2006"},{"taxonomy":"post_tag","embeddable":true,"href":"http:\/\/fwg-woellstadt.de\/index.php\/wp-json\/wp\/v2\/tags?post=2006"}],"curies":[{"name":"wp","href":"https:\/\/api.w.org\/{rel}","templated":true}]}}