{"id":2016,"date":"2025-03-04T20:42:32","date_gmt":"2025-03-04T19:42:32","guid":{"rendered":"http:\/\/fwg-woellstadt.de\/?p=2016"},"modified":"2025-03-04T20:42:33","modified_gmt":"2025-03-04T19:42:33","slug":"aerger-an-der-tagesordnung-wetterauer-zeitung-vom-13-02-2025","status":"publish","type":"post","link":"http:\/\/fwg-woellstadt.de\/index.php\/2025\/03\/04\/aerger-an-der-tagesordnung-wetterauer-zeitung-vom-13-02-2025\/","title":{"rendered":"&#8222;\u00c4rger an der Tagesordnung&#8220; Wetterauer Zeitung vom 13.02.2025"},"content":{"rendered":"\n<p>Zum Artikel der Wetterauer Zeitung vom 13.02.2025 <a href=\"https:\/\/epaper.wetterauer-zeitung.de\/epaper\/epa1220,98098,0,28\" target=\"_blank\" rel=\"noopener\">\u00c4rger an der Tagesordnung<\/a> und der Gemeindevertretersitzung in W\u00f6llstadt.<br>Die inflation\u00e4re Flut an Antr\u00e4gen der fraktionslosen Gemeindevertreter Rinker und Kr\u00f6ker stellt die Geduld der restlichen ehrenamtlich t\u00e4tigen Gemeindevertreterinnen und Gemeindevertreter auf eine harte Probe und hindert die sie daran, Ihre Aufgaben durchzuf\u00fchren. Die Position der FWG hierzu ist klar, die gestellten Antr\u00e4ge dienen, unserer Meinung nach, nur der eigenen Profilierung der beiden Gemeindevertreter. Vieles kann \u00fcber den \u201ckleinen Dienstweg\u201d erledigt werden. Alles in Antr\u00e4ge zu verpacken, auch wenn es nur Kleinigkeiten sind, oder der Verwaltung vorzuschreiben, wie Sie ihren Job ausf\u00fchren soll, hat mit der Kontrolle der Verwaltung nichts zu tun und ist eher kontraproduktiv. Wir von der FWG sind nicht gegen sinnvolle Antr\u00e4ge, jedoch schie\u00dfen die Antr\u00e4ge der beiden fraktionslosen Vertreter meist \u00fcber das Ziel hinaus. Ein Beispiel aus der letzten Gemeindevertretersitzung hierf\u00fcr ist der Antrag zum Haushalt, die beiden Wohnungen im \u00c4rztehaus in Ober-W\u00f6llstadt anstatt zu vermieten zu verkaufen. Der evtl. Gewinn bei einem Verkauf der Wohnungen geht in die au\u00dferordentlichen R\u00fccklagen der Gemeinde und steht somit nicht zur Finanzierung weitere Projekte zu Verf\u00fcgung. Ein Verkauf der Wohnungen h\u00e4tte zur Folge, dass die Besitzverh\u00e4ltnisse des \u00c4rztehauses nach WEG geteilt werden m\u00fcssten und somit eine Nutzung durch die Gemeinde nicht mehr gegeben w\u00e4re. Mieteinnahmen jedoch w\u00fcrden der Gemeinde dauerhaft zur Verf\u00fcgung stehen. Bei der Beratung zu dem Antrag im Haupt- und Finanzausschusses wurden diese Fakten im Vorfeld der Gemeindevertretersitzung erl\u00e4utert und besprochen. Unter anderem sollten folgenden Antr\u00e4ge mit dem Gewinn durch den Verkauf finanziert werden: Mittel f\u00fcr Aufforstungen, Senkung der Grundsteuerhebes\u00e4tze, Mikrofonanlage f\u00fcr Sitzungen, Ausbesserung von Stra\u00dfensch\u00e4den oder Tilgung von Krediten, da wie oben festgestellt die Mittel hierf\u00fcr nun fehlen, wurden die Antr\u00e4ge logischerweise mehrheitlich abgelehnt. Ein Antrag, Spielplatz im Wohngebiet am Bildstock in Ober-W\u00f6llstadt wurde von Rinker\/Kr\u00f6ker zur\u00fcckgezogen. Unser Fraktionsvorsitzender Gerhard Schlautek wies daraufhin, dass ein \u00e4lterer Antrag zu diesem Thema beschlossen und in der Umsetzung ist. Ein weiterer Antrag: Die Busverbindung Nieder-W\u00f6llstadt nach Ober-W\u00f6llstadt solle zuk\u00fcnftig mit einem Schlenker in die Niddastra\u00dfe und Donaustra\u00dfe nach Ober-W\u00f6llstadt gef\u00fchrt werden ist als realit\u00e4tsfremd anzusehen und wurde folgerichtig von allen Fraktioenen abgelehnt. All diese Fakten konnten in vorangegangen Sitzungen und mit einer partnerschaftlichen Zusammenarbeit der Verwaltung im Vorfeld der Gemeindevertretersitzung gekl\u00e4rt werden. An diesen Sitzungen haben die fraktionslosen Gemeindevertreter Rinker und Kr\u00f6ger trotz offizieller Einladung jedoch nicht teilgenommen.<\/p>\n\n\n\n<p><\/p>\n","protected":false},"excerpt":{"rendered":"<div class=\"mh-excerpt\"><p>Zum Artikel der Wetterauer Zeitung vom 13.02.2025 \u00c4rger an der Tagesordnung und der Gemeindevertretersitzung in W\u00f6llstadt.Die inflation\u00e4re Flut an Antr\u00e4gen der fraktionslosen Gemeindevertreter Rinker und Kr\u00f6ker stellt die Geduld der restlichen ehrenamtlich t\u00e4tigen Gemeindevertreterinnen und <a class=\"mh-excerpt-more\" href=\"http:\/\/fwg-woellstadt.de\/index.php\/2025\/03\/04\/aerger-an-der-tagesordnung-wetterauer-zeitung-vom-13-02-2025\/\" title=\"&#8222;\u00c4rger an der Tagesordnung&#8220; Wetterauer Zeitung vom 13.02.2025\">[&#8230;]<\/a><\/p>\n<\/div>","protected":false},"author":4,"featured_media":2017,"comment_status":"closed","ping_status":"open","sticky":false,"template":"","format":"standard","meta":{"_EventAllDay":false,"_EventTimezone":"","_EventStartDate":"","_EventEndDate":"","_EventStartDateUTC":"","_EventEndDateUTC":"","_EventShowMap":false,"_EventShowMapLink":false,"_EventURL":"","_EventCost":"","_EventCostDescription":"","_EventCurrencySymbol":"","_EventCurrencyCode":"","_EventCurrencyPosition":"","_EventDateTimeSeparator":"","_EventTimeRangeSeparator":"","_EventOrganizerID":[],"_EventVenueID":[],"_OrganizerEmail":"","_OrganizerPhone":"","_OrganizerWebsite":"","_VenueAddress":"","_VenueCity":"","_VenueCountry":"","_VenueProvince":"","_VenueState":"","_VenueZip":"","_VenuePhone":"","_VenueURL":"","_VenueStateProvince":"","_VenueLat":"","_VenueLng":"","_VenueShowMap":false,"_VenueShowMapLink":false,"footnotes":""},"categories":[2],"tags":[],"class_list":["post-2016","post","type-post","status-publish","format-standard","has-post-thumbnail","category-gemeindepolitik"],"_links":{"self":[{"href":"http:\/\/fwg-woellstadt.de\/index.php\/wp-json\/wp\/v2\/posts\/2016","targetHints":{"allow":["GET"]}}],"collection":[{"href":"http:\/\/fwg-woellstadt.de\/index.php\/wp-json\/wp\/v2\/posts"}],"about":[{"href":"http:\/\/fwg-woellstadt.de\/index.php\/wp-json\/wp\/v2\/types\/post"}],"author":[{"embeddable":true,"href":"http:\/\/fwg-woellstadt.de\/index.php\/wp-json\/wp\/v2\/users\/4"}],"replies":[{"embeddable":true,"href":"http:\/\/fwg-woellstadt.de\/index.php\/wp-json\/wp\/v2\/comments?post=2016"}],"version-history":[{"count":1,"href":"http:\/\/fwg-woellstadt.de\/index.php\/wp-json\/wp\/v2\/posts\/2016\/revisions"}],"predecessor-version":[{"id":2018,"href":"http:\/\/fwg-woellstadt.de\/index.php\/wp-json\/wp\/v2\/posts\/2016\/revisions\/2018"}],"wp:featuredmedia":[{"embeddable":true,"href":"http:\/\/fwg-woellstadt.de\/index.php\/wp-json\/wp\/v2\/media\/2017"}],"wp:attachment":[{"href":"http:\/\/fwg-woellstadt.de\/index.php\/wp-json\/wp\/v2\/media?parent=2016"}],"wp:term":[{"taxonomy":"category","embeddable":true,"href":"http:\/\/fwg-woellstadt.de\/index.php\/wp-json\/wp\/v2\/categories?post=2016"},{"taxonomy":"post_tag","embeddable":true,"href":"http:\/\/fwg-woellstadt.de\/index.php\/wp-json\/wp\/v2\/tags?post=2016"}],"curies":[{"name":"wp","href":"https:\/\/api.w.org\/{rel}","templated":true}]}}