{"id":2025,"date":"2025-03-19T08:13:23","date_gmt":"2025-03-19T07:13:23","guid":{"rendered":"http:\/\/fwg-woellstadt.de\/?p=2025"},"modified":"2025-03-19T08:14:17","modified_gmt":"2025-03-19T07:14:17","slug":"erneut-wurden-der-woellstaedter-gemeindevertretung-kompetenzen-genommen","status":"publish","type":"post","link":"http:\/\/fwg-woellstadt.de\/index.php\/2025\/03\/19\/erneut-wurden-der-woellstaedter-gemeindevertretung-kompetenzen-genommen\/","title":{"rendered":"Erneut wurden der W\u00f6llst\u00e4dter Gemeindevertretung Kompetenzen genommen!?"},"content":{"rendered":"\n<p>In einem Beitrag auf Facebook schreibt Pro W\u00f6llstadt: \u201eEs wurden sogenannte Zust\u00e4ndigkeiten der Gemeindevertretung an den Gemeindevorstand abgegeben. In Zeiten steigender Steuern und Schulden finden wir es fatal, dem Gemeindevorstand einen derartigen Freibrief f\u00fcr ausufernde Kosten und Ausgaben zu erteilen\u201c Worum geht es? Zum Haushalt 2024 wurde beschlossen die \u00dcberplanm\u00e4\u00dfigen und au\u00dferplanm\u00e4\u00dfigen Ausgaben auf 50.000.- Euro zu erh\u00f6hen. In diesem Jahr wollten die Vertreter von Pro W\u00f6llstadt diese Ausgabenh\u00f6he wieder auf 10.000.- Euro reduzieren, Gr\u00fcnde die f\u00fcr die Senkung auf 10.000.- Euro sprechen konnten von Pro W\u00f6llstadt nicht genannt werden. Eine populistische Behauptung: \u201eDie Gemeindevertretung kann damit in gr\u00f6\u00dferem Umfang \u00fcbergangen werden\u201c wurde haltlos in den Raum gestellt.<\/p>\n\n\n\n<p>Laut \u00a7 100 HGO (1) sind \u00dcberplanm\u00e4\u00dfige und au\u00dferplanm\u00e4\u00dfige Ausgaben nur zul\u00e4ssig, wenn sie unvorhergesehen und unabweisbar sind und die Deckung gew\u00e4hrleistet ist. \u00dcber die Leistung dieser Ausgaben entscheidet der Gemeindevorstand, soweit die Gemeindevertretung keine andere Regelung trifft. Sind die Ausgaben nach Umfang oder Bedeutung erheblich, bed\u00fcrfen sie der vorherigen Zustimmung der Gemeindevertretung; im \u00fcbrigen ist der Gemeindevertretung davon alsbald Kenntnis zu geben.<\/p>\n\n\n\n<p>\u00dcberplanm\u00e4\u00dfige Ausgaben d\u00fcrfen lediglich geleistet werden, sofern an anderer Stelle Ausgaben gek\u00fcrzt oder entsprechende Mehreinnahmen realisiert werden k\u00f6nnen.<\/p>\n\n\n\n<p>FWG- und SPD-Fraktion haben im Zuge der Haushaltskonsolidierungen 2025 genau hingeschaut und k\u00f6nnen dem Gemeindevorstand bescheinigen mit der o.g. Regelung keine ausufernden Kosten und Ausgaben verursacht zu haben. Der Gemeindevorstand ist sich seiner Verantwortung f\u00fcr die finanzielle Situation der Gemeinde W\u00f6llkstadt bewusst und wird nach bestem Wissen hierzu handeln.<\/p>\n\n\n\n<figure class=\"wp-block-image size-full\"><img loading=\"lazy\" decoding=\"async\" width=\"1024\" height=\"1024\" src=\"http:\/\/fwg-woellstadt.de\/wp-content\/uploads\/2025\/03\/Artikel_2025_03_19.webp\" alt=\"\" class=\"wp-image-2026\" srcset=\"http:\/\/fwg-woellstadt.de\/wp-content\/uploads\/2025\/03\/Artikel_2025_03_19.webp 1024w, http:\/\/fwg-woellstadt.de\/wp-content\/uploads\/2025\/03\/Artikel_2025_03_19-300x300.webp 300w, http:\/\/fwg-woellstadt.de\/wp-content\/uploads\/2025\/03\/Artikel_2025_03_19-150x150.webp 150w, http:\/\/fwg-woellstadt.de\/wp-content\/uploads\/2025\/03\/Artikel_2025_03_19-768x768.webp 768w\" sizes=\"auto, (max-width: 1024px) 100vw, 1024px\" \/><\/figure>\n","protected":false},"excerpt":{"rendered":"<div class=\"mh-excerpt\"><p>In einem Beitrag auf Facebook schreibt Pro W\u00f6llstadt: \u201eEs wurden sogenannte Zust\u00e4ndigkeiten der Gemeindevertretung an den Gemeindevorstand abgegeben. In Zeiten steigender Steuern und Schulden finden wir es fatal, dem Gemeindevorstand einen derartigen Freibrief f\u00fcr ausufernde <a class=\"mh-excerpt-more\" href=\"http:\/\/fwg-woellstadt.de\/index.php\/2025\/03\/19\/erneut-wurden-der-woellstaedter-gemeindevertretung-kompetenzen-genommen\/\" title=\"Erneut wurden der W\u00f6llst\u00e4dter Gemeindevertretung Kompetenzen genommen!?\">[&#8230;]<\/a><\/p>\n<\/div>","protected":false},"author":4,"featured_media":2026,"comment_status":"closed","ping_status":"open","sticky":false,"template":"","format":"standard","meta":{"_EventAllDay":false,"_EventTimezone":"","_EventStartDate":"","_EventEndDate":"","_EventStartDateUTC":"","_EventEndDateUTC":"","_EventShowMap":false,"_EventShowMapLink":false,"_EventURL":"","_EventCost":"","_EventCostDescription":"","_EventCurrencySymbol":"","_EventCurrencyCode":"","_EventCurrencyPosition":"","_EventDateTimeSeparator":"","_EventTimeRangeSeparator":"","_EventOrganizerID":[],"_EventVenueID":[],"_OrganizerEmail":"","_OrganizerPhone":"","_OrganizerWebsite":"","_VenueAddress":"","_VenueCity":"","_VenueCountry":"","_VenueProvince":"","_VenueState":"","_VenueZip":"","_VenuePhone":"","_VenueURL":"","_VenueStateProvince":"","_VenueLat":"","_VenueLng":"","_VenueShowMap":false,"_VenueShowMapLink":false,"footnotes":""},"categories":[2],"tags":[],"class_list":["post-2025","post","type-post","status-publish","format-standard","has-post-thumbnail","category-gemeindepolitik"],"_links":{"self":[{"href":"http:\/\/fwg-woellstadt.de\/index.php\/wp-json\/wp\/v2\/posts\/2025","targetHints":{"allow":["GET"]}}],"collection":[{"href":"http:\/\/fwg-woellstadt.de\/index.php\/wp-json\/wp\/v2\/posts"}],"about":[{"href":"http:\/\/fwg-woellstadt.de\/index.php\/wp-json\/wp\/v2\/types\/post"}],"author":[{"embeddable":true,"href":"http:\/\/fwg-woellstadt.de\/index.php\/wp-json\/wp\/v2\/users\/4"}],"replies":[{"embeddable":true,"href":"http:\/\/fwg-woellstadt.de\/index.php\/wp-json\/wp\/v2\/comments?post=2025"}],"version-history":[{"count":1,"href":"http:\/\/fwg-woellstadt.de\/index.php\/wp-json\/wp\/v2\/posts\/2025\/revisions"}],"predecessor-version":[{"id":2027,"href":"http:\/\/fwg-woellstadt.de\/index.php\/wp-json\/wp\/v2\/posts\/2025\/revisions\/2027"}],"wp:featuredmedia":[{"embeddable":true,"href":"http:\/\/fwg-woellstadt.de\/index.php\/wp-json\/wp\/v2\/media\/2026"}],"wp:attachment":[{"href":"http:\/\/fwg-woellstadt.de\/index.php\/wp-json\/wp\/v2\/media?parent=2025"}],"wp:term":[{"taxonomy":"category","embeddable":true,"href":"http:\/\/fwg-woellstadt.de\/index.php\/wp-json\/wp\/v2\/categories?post=2025"},{"taxonomy":"post_tag","embeddable":true,"href":"http:\/\/fwg-woellstadt.de\/index.php\/wp-json\/wp\/v2\/tags?post=2025"}],"curies":[{"name":"wp","href":"https:\/\/api.w.org\/{rel}","templated":true}]}}