{"id":2028,"date":"2025-03-19T09:15:41","date_gmt":"2025-03-19T08:15:41","guid":{"rendered":"http:\/\/fwg-woellstadt.de\/?p=2028"},"modified":"2025-03-19T09:16:23","modified_gmt":"2025-03-19T08:16:23","slug":"weiterer-kommentar-zum-artikel-aerger-an-der-tagesordnung","status":"publish","type":"post","link":"http:\/\/fwg-woellstadt.de\/index.php\/2025\/03\/19\/weiterer-kommentar-zum-artikel-aerger-an-der-tagesordnung\/","title":{"rendered":"Weiterer Kommentar zum Artikel \u201e\u00c4rger an der Tagesordnung\u201c"},"content":{"rendered":"\n<p>Wie bereits im Artikel \u201e\u00c4rger an der Tagesordnung\u201c beschrieben werden die ehrenamtlichen Gemeindevertreter mit einer Vielzahl von Antr\u00e4gen zweier fraktionslosen Gemeindevertretern von ihrer eigentlichen Arbeit abgehalten.<br>Zum Beispiel wird in einem Antrag der beiden fraktionslosen Gemeindevertretern gefordert, dass die Gemeindeverwaltung eine Ausbildungsb\u00f6rse f\u00fcr W\u00f6llstadt nach dem Vorbild der Gemeinde Appenweier einrichtet und betreiben soll.<br>Nach Recherche der FWG im Internet findet sich die Ausbildungsb\u00f6rse der Gemeinde Appenweier. Mit dem Begriff Ausbildungsb\u00f6rse wird man auf mehrere PDF-Seiten mit Stand von 2023 verwiesen, eine weitere Ausbildungsb\u00f6rse wird nicht angezeigt. Es hat den Anschein das die Gemeinde Appenweier die Pflege ihrer, von den beiden fraktionslosen Gemeindevertretern gepriesenen, Ausbildungsb\u00f6rse im Jahr 2023 eingestellt hat.<br>Gibt man hingegen im Internet die Suchbegriffe Ausbildung und W\u00f6llstadt ein, finden sich im Umkreis von 20 km um W\u00f6llstadt, ohne aufwendige Pflege durch die Gemeinde, ca. 1080 freie Ausbildungspl\u00e4tze.<br>Eine direkte suche in W\u00f6llstadt, ohne Umkreissuche, ergibt hingegen ca. 2 freie Ausbildungspl\u00e4tze.<br>Hier stellt sich die Frage mit welcher Begr\u00fcndung die Gemeinde W\u00f6llstadt eine aufwendige zu pflegende Ausbildungsb\u00f6rse betreiben soll, wenn im Internet mit einfacher Suche Ausbildungspl\u00e4tze in W\u00f6llstadt und Umgebung zu finden sind.<br>Der Antrag der beiden fraktionslosen Gemeindevertretern wurde mehrheitlich von allen Fraktionen in der Gemeindevertretung abgewiesen, unserer Meinung nach zu Recht.<br>Wie zuvor benannt halten solche Antr\u00e4ge die anderen ehrenamtlichen Gemeindevertreter von einer zielf\u00fchrenden Arbeit f\u00fcr die Gemeinde ab und es stellt sich die Frage mit welcher Absicht die beiden fraktionslosen Gemeindevertreter die Zeit der anderen ehrenamtlichen Gemeindevertreter und der Verwltung verschwenden.<\/p>\n","protected":false},"excerpt":{"rendered":"<div class=\"mh-excerpt\"><p>Wie bereits im Artikel \u201e\u00c4rger an der Tagesordnung\u201c beschrieben werden die ehrenamtlichen Gemeindevertreter mit einer Vielzahl von Antr\u00e4gen zweier fraktionslosen Gemeindevertretern von ihrer eigentlichen Arbeit abgehalten.Zum Beispiel wird in einem Antrag der beiden fraktionslosen Gemeindevertretern <a class=\"mh-excerpt-more\" href=\"http:\/\/fwg-woellstadt.de\/index.php\/2025\/03\/19\/weiterer-kommentar-zum-artikel-aerger-an-der-tagesordnung\/\" title=\"Weiterer Kommentar zum Artikel \u201e\u00c4rger an der Tagesordnung\u201c\">[&#8230;]<\/a><\/p>\n<\/div>","protected":false},"author":4,"featured_media":2017,"comment_status":"closed","ping_status":"open","sticky":false,"template":"","format":"standard","meta":{"_EventAllDay":false,"_EventTimezone":"","_EventStartDate":"","_EventEndDate":"","_EventStartDateUTC":"","_EventEndDateUTC":"","_EventShowMap":false,"_EventShowMapLink":false,"_EventURL":"","_EventCost":"","_EventCostDescription":"","_EventCurrencySymbol":"","_EventCurrencyCode":"","_EventCurrencyPosition":"","_EventDateTimeSeparator":"","_EventTimeRangeSeparator":"","_EventOrganizerID":[],"_EventVenueID":[],"_OrganizerEmail":"","_OrganizerPhone":"","_OrganizerWebsite":"","_VenueAddress":"","_VenueCity":"","_VenueCountry":"","_VenueProvince":"","_VenueState":"","_VenueZip":"","_VenuePhone":"","_VenueURL":"","_VenueStateProvince":"","_VenueLat":"","_VenueLng":"","_VenueShowMap":false,"_VenueShowMapLink":false,"footnotes":""},"categories":[2],"tags":[],"class_list":["post-2028","post","type-post","status-publish","format-standard","has-post-thumbnail","category-gemeindepolitik"],"_links":{"self":[{"href":"http:\/\/fwg-woellstadt.de\/index.php\/wp-json\/wp\/v2\/posts\/2028","targetHints":{"allow":["GET"]}}],"collection":[{"href":"http:\/\/fwg-woellstadt.de\/index.php\/wp-json\/wp\/v2\/posts"}],"about":[{"href":"http:\/\/fwg-woellstadt.de\/index.php\/wp-json\/wp\/v2\/types\/post"}],"author":[{"embeddable":true,"href":"http:\/\/fwg-woellstadt.de\/index.php\/wp-json\/wp\/v2\/users\/4"}],"replies":[{"embeddable":true,"href":"http:\/\/fwg-woellstadt.de\/index.php\/wp-json\/wp\/v2\/comments?post=2028"}],"version-history":[{"count":1,"href":"http:\/\/fwg-woellstadt.de\/index.php\/wp-json\/wp\/v2\/posts\/2028\/revisions"}],"predecessor-version":[{"id":2029,"href":"http:\/\/fwg-woellstadt.de\/index.php\/wp-json\/wp\/v2\/posts\/2028\/revisions\/2029"}],"wp:featuredmedia":[{"embeddable":true,"href":"http:\/\/fwg-woellstadt.de\/index.php\/wp-json\/wp\/v2\/media\/2017"}],"wp:attachment":[{"href":"http:\/\/fwg-woellstadt.de\/index.php\/wp-json\/wp\/v2\/media?parent=2028"}],"wp:term":[{"taxonomy":"category","embeddable":true,"href":"http:\/\/fwg-woellstadt.de\/index.php\/wp-json\/wp\/v2\/categories?post=2028"},{"taxonomy":"post_tag","embeddable":true,"href":"http:\/\/fwg-woellstadt.de\/index.php\/wp-json\/wp\/v2\/tags?post=2028"}],"curies":[{"name":"wp","href":"https:\/\/api.w.org\/{rel}","templated":true}]}}