{"id":2030,"date":"2025-03-23T15:46:42","date_gmt":"2025-03-23T14:46:42","guid":{"rendered":"http:\/\/fwg-woellstadt.de\/?p=2030"},"modified":"2025-03-23T15:46:43","modified_gmt":"2025-03-23T14:46:43","slug":"jahreshauptversammlung-freie-waehlergemeinschaft-woellstadt-e-v","status":"publish","type":"post","link":"http:\/\/fwg-woellstadt.de\/index.php\/2025\/03\/23\/jahreshauptversammlung-freie-waehlergemeinschaft-woellstadt-e-v\/","title":{"rendered":"Jahreshauptversammlung Freie W\u00e4hlergemeinschaft W\u00f6llstadt e.V."},"content":{"rendered":"\n<p>Die diesj\u00e4hrige Jahreshauptversammlung der Freien W\u00e4hler fand am Freitag den 21. M\u00e4rz 2025 in der Gastst\u00e4tte \u201eZum Gambrinus\u201c statt.<\/p>\n\n\n\n<p>Nach der Begr\u00fc\u00dfung durch den ersten Vorsitzenden Heinz-Hermann Bausch folgten die Berichte des Vorstandes und der FWG-Fraktion. Im Anschluss an die Aussprache zu den Berichten stellten die Kassenpr\u00fcfer dem Kassenf\u00fchrer eine einwandfreie und korrekte Buchf\u00fchrung aus. Somit konnte die Versammlung auf Antrag die Entlastung des Vorstandes beschlie\u00dfen.<\/p>\n\n\n\n<p>Die Ergebnisse der anschlie\u00dfenden Wahlen:<\/p>\n\n\n\n<ol start=\"1\" class=\"wp-block-list\">\n<li>Vorsitzender: Heinz-Hermann Bausch<\/li>\n\n\n\n<li>Vorsitzender: Sebastian Briel<\/li>\n<\/ol>\n\n\n\n<p>Kassenf\u00fchrer: Ralf Liedge<\/p>\n\n\n\n<p>Schriftf\u00fchrer: Torsten Greiff<\/p>\n\n\n\n<p>Beisitzer: Peter Best, Georg Wiederhold und Daniela Liedge<\/p>\n\n\n\n<p>Kassenpr\u00fcfer: Rainer Heisterkamp und Lutz Gr\u00fcnsfelder<\/p>\n\n\n\n<p>Heinz-Hermann Bausch bedankte sich bei allen f\u00fcr die Bereitschaft den Verein in den kommenden zwei Jahren zu f\u00fchren. Ebenso gratulierte der erste Vorsitzende dem neuen B\u00fcrgermeister Markus Sch\u00fctz, w\u00fcnschte ihm viel Gl\u00fcck, Mut zur Entscheidung, Zielstrebigkeit und Durchhalteverm\u00f6gen bei seiner neuen Aufgabe.<\/p>\n\n\n\n<p>Nach Beendigung der Hauptversammlung lud der Vorstand alle Anwesenden zu einem Umtrunk mit Imbiss ein.<\/p>\n\n\n\n<figure class=\"wp-block-image size-large\"><img loading=\"lazy\" decoding=\"async\" width=\"1024\" height=\"768\" src=\"http:\/\/fwg-woellstadt.de\/wp-content\/uploads\/2025\/03\/Bild2JHV-1024x768.jpg\" alt=\"\" class=\"wp-image-2031\" srcset=\"http:\/\/fwg-woellstadt.de\/wp-content\/uploads\/2025\/03\/Bild2JHV-1024x768.jpg 1024w, http:\/\/fwg-woellstadt.de\/wp-content\/uploads\/2025\/03\/Bild2JHV-300x225.jpg 300w, http:\/\/fwg-woellstadt.de\/wp-content\/uploads\/2025\/03\/Bild2JHV-768x576.jpg 768w, http:\/\/fwg-woellstadt.de\/wp-content\/uploads\/2025\/03\/Bild2JHV-1536x1152.jpg 1536w, http:\/\/fwg-woellstadt.de\/wp-content\/uploads\/2025\/03\/Bild2JHV-678x509.jpg 678w, http:\/\/fwg-woellstadt.de\/wp-content\/uploads\/2025\/03\/Bild2JHV-326x245.jpg 326w, http:\/\/fwg-woellstadt.de\/wp-content\/uploads\/2025\/03\/Bild2JHV-80x60.jpg 80w, http:\/\/fwg-woellstadt.de\/wp-content\/uploads\/2025\/03\/Bild2JHV.jpg 1600w\" sizes=\"auto, (max-width: 1024px) 100vw, 1024px\" \/><\/figure>\n\n\n\n<figure class=\"wp-block-image size-large\"><img loading=\"lazy\" decoding=\"async\" width=\"1024\" height=\"768\" src=\"http:\/\/fwg-woellstadt.de\/wp-content\/uploads\/2025\/03\/bil-JHV-1024x768.jpg\" alt=\"\" class=\"wp-image-2032\" srcset=\"http:\/\/fwg-woellstadt.de\/wp-content\/uploads\/2025\/03\/bil-JHV-1024x768.jpg 1024w, http:\/\/fwg-woellstadt.de\/wp-content\/uploads\/2025\/03\/bil-JHV-300x225.jpg 300w, http:\/\/fwg-woellstadt.de\/wp-content\/uploads\/2025\/03\/bil-JHV-768x576.jpg 768w, http:\/\/fwg-woellstadt.de\/wp-content\/uploads\/2025\/03\/bil-JHV-1536x1152.jpg 1536w, http:\/\/fwg-woellstadt.de\/wp-content\/uploads\/2025\/03\/bil-JHV-678x509.jpg 678w, http:\/\/fwg-woellstadt.de\/wp-content\/uploads\/2025\/03\/bil-JHV-326x245.jpg 326w, http:\/\/fwg-woellstadt.de\/wp-content\/uploads\/2025\/03\/bil-JHV-80x60.jpg 80w, http:\/\/fwg-woellstadt.de\/wp-content\/uploads\/2025\/03\/bil-JHV.jpg 1600w\" sizes=\"auto, (max-width: 1024px) 100vw, 1024px\" \/><\/figure>\n","protected":false},"excerpt":{"rendered":"<div class=\"mh-excerpt\"><p>Die diesj\u00e4hrige Jahreshauptversammlung der Freien W\u00e4hler fand am Freitag den 21. M\u00e4rz 2025 in der Gastst\u00e4tte \u201eZum Gambrinus\u201c statt. Nach der Begr\u00fc\u00dfung durch den ersten Vorsitzenden Heinz-Hermann Bausch folgten die Berichte des Vorstandes und der <a class=\"mh-excerpt-more\" href=\"http:\/\/fwg-woellstadt.de\/index.php\/2025\/03\/23\/jahreshauptversammlung-freie-waehlergemeinschaft-woellstadt-e-v\/\" title=\"Jahreshauptversammlung Freie W\u00e4hlergemeinschaft W\u00f6llstadt e.V.\">[&#8230;]<\/a><\/p>\n<\/div>","protected":false},"author":4,"featured_media":2032,"comment_status":"closed","ping_status":"open","sticky":false,"template":"","format":"standard","meta":{"_EventAllDay":false,"_EventTimezone":"","_EventStartDate":"","_EventEndDate":"","_EventStartDateUTC":"","_EventEndDateUTC":"","_EventShowMap":false,"_EventShowMapLink":false,"_EventURL":"","_EventCost":"","_EventCostDescription":"","_EventCurrencySymbol":"","_EventCurrencyCode":"","_EventCurrencyPosition":"","_EventDateTimeSeparator":"","_EventTimeRangeSeparator":"","_EventOrganizerID":[],"_EventVenueID":[],"_OrganizerEmail":"","_OrganizerPhone":"","_OrganizerWebsite":"","_VenueAddress":"","_VenueCity":"","_VenueCountry":"","_VenueProvince":"","_VenueState":"","_VenueZip":"","_VenuePhone":"","_VenueURL":"","_VenueStateProvince":"","_VenueLat":"","_VenueLng":"","_VenueShowMap":false,"_VenueShowMapLink":false,"footnotes":""},"categories":[2],"tags":[],"class_list":["post-2030","post","type-post","status-publish","format-standard","has-post-thumbnail","category-gemeindepolitik"],"_links":{"self":[{"href":"http:\/\/fwg-woellstadt.de\/index.php\/wp-json\/wp\/v2\/posts\/2030","targetHints":{"allow":["GET"]}}],"collection":[{"href":"http:\/\/fwg-woellstadt.de\/index.php\/wp-json\/wp\/v2\/posts"}],"about":[{"href":"http:\/\/fwg-woellstadt.de\/index.php\/wp-json\/wp\/v2\/types\/post"}],"author":[{"embeddable":true,"href":"http:\/\/fwg-woellstadt.de\/index.php\/wp-json\/wp\/v2\/users\/4"}],"replies":[{"embeddable":true,"href":"http:\/\/fwg-woellstadt.de\/index.php\/wp-json\/wp\/v2\/comments?post=2030"}],"version-history":[{"count":1,"href":"http:\/\/fwg-woellstadt.de\/index.php\/wp-json\/wp\/v2\/posts\/2030\/revisions"}],"predecessor-version":[{"id":2033,"href":"http:\/\/fwg-woellstadt.de\/index.php\/wp-json\/wp\/v2\/posts\/2030\/revisions\/2033"}],"wp:featuredmedia":[{"embeddable":true,"href":"http:\/\/fwg-woellstadt.de\/index.php\/wp-json\/wp\/v2\/media\/2032"}],"wp:attachment":[{"href":"http:\/\/fwg-woellstadt.de\/index.php\/wp-json\/wp\/v2\/media?parent=2030"}],"wp:term":[{"taxonomy":"category","embeddable":true,"href":"http:\/\/fwg-woellstadt.de\/index.php\/wp-json\/wp\/v2\/categories?post=2030"},{"taxonomy":"post_tag","embeddable":true,"href":"http:\/\/fwg-woellstadt.de\/index.php\/wp-json\/wp\/v2\/tags?post=2030"}],"curies":[{"name":"wp","href":"https:\/\/api.w.org\/{rel}","templated":true}]}}