{"id":2034,"date":"2025-03-24T17:36:19","date_gmt":"2025-03-24T16:36:19","guid":{"rendered":"http:\/\/fwg-woellstadt.de\/?p=2034"},"modified":"2025-03-24T17:36:20","modified_gmt":"2025-03-24T16:36:20","slug":"der-antrag-zum-auwald-wurde-abgelehnt-weil","status":"publish","type":"post","link":"http:\/\/fwg-woellstadt.de\/index.php\/2025\/03\/24\/der-antrag-zum-auwald-wurde-abgelehnt-weil\/","title":{"rendered":"Der Antrag zum \u201eAuwald\u201c wurde abgelehnt weil:"},"content":{"rendered":"\n<ul class=\"wp-block-list\">\n<li>der \u201cAuwald\u201d nach Best\u00e4tigung durch die UNB kein Auwald ist, sondern aufgrund seiner Eigenschaft als Bachlauf ein, nach Paragraph 30 Bundesnaturschutzgesetz, gesch\u00fctztes Biotop ist.<\/li>\n\n\n\n<li>das Vogelschutzgebiet seit gut eineinhalb Jahren vom Bieber als Habitat besetzt und deshalb streng gesch\u00fctzt ist.<\/li>\n\n\n\n<li>nach R\u00fccksprache mit dem Bieberbeauftragten und der UNB kein Handeln notwendig ist und damit auch nicht erlaubt ist.<\/li>\n\n\n\n<li>\u00a0ein Eingriff ins Bieberhabitat erst erlaubt wird, wenn Sch\u00e4den an Infrastruktur oder Geb\u00e4uden zu erwarten sind.<\/li>\n\n\n\n<li>vor rund zwei Jahren, nach Ortstermin mit Bauamt, UNB, Forstamt, Landwirten und J\u00e4gern, beschlossen wurde, dass man sich das Vogelschutzgebiet nat\u00fcrlich entwickeln l\u00e4sst. Ohne regelm\u00e4\u00dfige Eingriffe und nur noch die vorgeschriebenen Ma\u00dfnahmen zur Verkehrssicherung durchgef\u00fchrt werden.<\/li>\n\n\n\n<li>der Bieber dazu einen wichtigen Beitrag bringt und die Natur sich dort entsprechen entwickeln wird.<\/li>\n\n\n\n<li>jetzt schon ein tolles Biotop f\u00fcr viele seltene Vogelarten entstanden ist, das es ohne den Bieber dort nie gegeben h\u00e4tte.<\/li>\n<\/ul>\n\n\n\n<p>Gerne erinnern wir an dieser Stelle daran, dass es in der j\u00fcngeren Vergangenheit bereits einige, zum Teil sehr gegens\u00e4tzliche Ideen zum Vogelschutzgebiet gab. Vom Park\u00e4hnlichen Ausbau zur Naherholung bis zum h\u00f6chsten Schutzstatus als \u201eAuwald\u201c war schon alles dabei.<\/p>\n\n\n\n<p>Wir wollen auch in Zukunft, dass das \u201eVogelschutzgebiet\u201c, wie die Fl\u00e4che von W\u00f6llst\u00e4dtern genannt wird, ein R\u00fcckzugsraum f\u00fcr viele seltene Tier- und Vogelarten bleibt.<\/p>\n\n\n\n<p>Natur ist nunmehr stetig im Wandel und nur aus Profilierungssucht von manchen Menschen, muss man nicht st\u00e4ndig ohne Not in die Natur eingreifen.<\/p>\n\n\n\n<p>Deshalb auch in Zukunft FWG!<\/p>\n\n\n\n<p>F\u00fcr W\u00f6llstadt Gut!!!<\/p>\n\n\n\n<figure class=\"wp-block-image size-full\"><img loading=\"lazy\" decoding=\"async\" width=\"1024\" height=\"1024\" src=\"http:\/\/fwg-woellstadt.de\/wp-content\/uploads\/2025\/03\/Bieber_Bild.webp\" alt=\"\" class=\"wp-image-2035\" srcset=\"http:\/\/fwg-woellstadt.de\/wp-content\/uploads\/2025\/03\/Bieber_Bild.webp 1024w, http:\/\/fwg-woellstadt.de\/wp-content\/uploads\/2025\/03\/Bieber_Bild-300x300.webp 300w, http:\/\/fwg-woellstadt.de\/wp-content\/uploads\/2025\/03\/Bieber_Bild-150x150.webp 150w, http:\/\/fwg-woellstadt.de\/wp-content\/uploads\/2025\/03\/Bieber_Bild-768x768.webp 768w\" sizes=\"auto, (max-width: 1024px) 100vw, 1024px\" \/><\/figure>\n","protected":false},"excerpt":{"rendered":"<div class=\"mh-excerpt\"><p>Gerne erinnern wir an dieser Stelle daran, dass es in der j\u00fcngeren Vergangenheit bereits einige, zum Teil sehr gegens\u00e4tzliche Ideen zum Vogelschutzgebiet gab. Vom Park\u00e4hnlichen Ausbau zur Naherholung bis zum h\u00f6chsten Schutzstatus als \u201eAuwald\u201c war <a class=\"mh-excerpt-more\" href=\"http:\/\/fwg-woellstadt.de\/index.php\/2025\/03\/24\/der-antrag-zum-auwald-wurde-abgelehnt-weil\/\" title=\"Der Antrag zum \u201eAuwald\u201c wurde abgelehnt weil:\">[&#8230;]<\/a><\/p>\n<\/div>","protected":false},"author":4,"featured_media":2035,"comment_status":"closed","ping_status":"open","sticky":false,"template":"","format":"standard","meta":{"_EventAllDay":false,"_EventTimezone":"","_EventStartDate":"","_EventEndDate":"","_EventStartDateUTC":"","_EventEndDateUTC":"","_EventShowMap":false,"_EventShowMapLink":false,"_EventURL":"","_EventCost":"","_EventCostDescription":"","_EventCurrencySymbol":"","_EventCurrencyCode":"","_EventCurrencyPosition":"","_EventDateTimeSeparator":"","_EventTimeRangeSeparator":"","_EventOrganizerID":[],"_EventVenueID":[],"_OrganizerEmail":"","_OrganizerPhone":"","_OrganizerWebsite":"","_VenueAddress":"","_VenueCity":"","_VenueCountry":"","_VenueProvince":"","_VenueState":"","_VenueZip":"","_VenuePhone":"","_VenueURL":"","_VenueStateProvince":"","_VenueLat":"","_VenueLng":"","_VenueShowMap":false,"_VenueShowMapLink":false,"footnotes":""},"categories":[2],"tags":[],"class_list":["post-2034","post","type-post","status-publish","format-standard","has-post-thumbnail","category-gemeindepolitik"],"_links":{"self":[{"href":"http:\/\/fwg-woellstadt.de\/index.php\/wp-json\/wp\/v2\/posts\/2034","targetHints":{"allow":["GET"]}}],"collection":[{"href":"http:\/\/fwg-woellstadt.de\/index.php\/wp-json\/wp\/v2\/posts"}],"about":[{"href":"http:\/\/fwg-woellstadt.de\/index.php\/wp-json\/wp\/v2\/types\/post"}],"author":[{"embeddable":true,"href":"http:\/\/fwg-woellstadt.de\/index.php\/wp-json\/wp\/v2\/users\/4"}],"replies":[{"embeddable":true,"href":"http:\/\/fwg-woellstadt.de\/index.php\/wp-json\/wp\/v2\/comments?post=2034"}],"version-history":[{"count":1,"href":"http:\/\/fwg-woellstadt.de\/index.php\/wp-json\/wp\/v2\/posts\/2034\/revisions"}],"predecessor-version":[{"id":2036,"href":"http:\/\/fwg-woellstadt.de\/index.php\/wp-json\/wp\/v2\/posts\/2034\/revisions\/2036"}],"wp:featuredmedia":[{"embeddable":true,"href":"http:\/\/fwg-woellstadt.de\/index.php\/wp-json\/wp\/v2\/media\/2035"}],"wp:attachment":[{"href":"http:\/\/fwg-woellstadt.de\/index.php\/wp-json\/wp\/v2\/media?parent=2034"}],"wp:term":[{"taxonomy":"category","embeddable":true,"href":"http:\/\/fwg-woellstadt.de\/index.php\/wp-json\/wp\/v2\/categories?post=2034"},{"taxonomy":"post_tag","embeddable":true,"href":"http:\/\/fwg-woellstadt.de\/index.php\/wp-json\/wp\/v2\/tags?post=2034"}],"curies":[{"name":"wp","href":"https:\/\/api.w.org\/{rel}","templated":true}]}}