{"id":2057,"date":"2025-04-15T08:32:35","date_gmt":"2025-04-15T06:32:35","guid":{"rendered":"http:\/\/fwg-woellstadt.de\/?p=2057"},"modified":"2025-04-15T08:32:36","modified_gmt":"2025-04-15T06:32:36","slug":"aus-der-gemeindevertretersitzung-vom-3-april-2025","status":"publish","type":"post","link":"http:\/\/fwg-woellstadt.de\/index.php\/2025\/04\/15\/aus-der-gemeindevertretersitzung-vom-3-april-2025\/","title":{"rendered":"Aus der Gemeindevertretersitzung vom 3. April 2025"},"content":{"rendered":"\n<p>Durch die Wahl von Markus Sch\u00fctz zum B\u00fcrgermeister der Gemeinde W\u00f6llstadt wurden neu und Umbesetzungen im Gemeindevorstand n\u00f6tig. Der bisherige Beigeordnete Erich Reinke r\u00fcckte zum ersten Beigeordneten auf. Im Laufe der Gemeindevertretersitzung \u00fcberreichte B\u00fcrgermeister Markus Sch\u00fctz die Ernennungsurkunde an Erich Reinke. F\u00fcr Erich Reinke r\u00fcckt Bernhard Heger in den Gemeindevorstand nach. Markus Sch\u00fctz \u00fcberreichte die Ernennungsurkunde, J\u00fcrgen Ristau nahm den Amtseid ab. Wir gratulieren und w\u00fcnschen beiden viel Gl\u00fcck und im neuen Amt.<\/p>\n\n\n\n<p>(von li nach re: J\u00fcrgen Ristau, Erich Reinke, Bernhard Heger und Bgm. Markus Sch\u00fctz)<\/p>\n\n\n\n<figure class=\"wp-block-image size-full is-resized\"><img loading=\"lazy\" decoding=\"async\" width=\"466\" height=\"343\" src=\"http:\/\/fwg-woellstadt.de\/wp-content\/uploads\/2025\/04\/vereidigung2025.jpg\" alt=\"\" class=\"wp-image-2058\" style=\"width:628px;height:auto\" srcset=\"http:\/\/fwg-woellstadt.de\/wp-content\/uploads\/2025\/04\/vereidigung2025.jpg 466w, http:\/\/fwg-woellstadt.de\/wp-content\/uploads\/2025\/04\/vereidigung2025-300x221.jpg 300w, http:\/\/fwg-woellstadt.de\/wp-content\/uploads\/2025\/04\/vereidigung2025-80x60.jpg 80w\" sizes=\"auto, (max-width: 466px) 100vw, 466px\" \/><\/figure>\n","protected":false},"excerpt":{"rendered":"<div class=\"mh-excerpt\"><p>Durch die Wahl von Markus Sch\u00fctz zum B\u00fcrgermeister der Gemeinde W\u00f6llstadt wurden neu und Umbesetzungen im Gemeindevorstand n\u00f6tig. Der bisherige Beigeordnete Erich Reinke r\u00fcckte zum ersten Beigeordneten auf. Im Laufe der Gemeindevertretersitzung \u00fcberreichte B\u00fcrgermeister Markus <a class=\"mh-excerpt-more\" href=\"http:\/\/fwg-woellstadt.de\/index.php\/2025\/04\/15\/aus-der-gemeindevertretersitzung-vom-3-april-2025\/\" title=\"Aus der Gemeindevertretersitzung vom 3. April 2025\">[&#8230;]<\/a><\/p>\n<\/div>","protected":false},"author":4,"featured_media":2058,"comment_status":"closed","ping_status":"open","sticky":false,"template":"","format":"standard","meta":{"_EventAllDay":false,"_EventTimezone":"","_EventStartDate":"","_EventEndDate":"","_EventStartDateUTC":"","_EventEndDateUTC":"","_EventShowMap":false,"_EventShowMapLink":false,"_EventURL":"","_EventCost":"","_EventCostDescription":"","_EventCurrencySymbol":"","_EventCurrencyCode":"","_EventCurrencyPosition":"","_EventDateTimeSeparator":"","_EventTimeRangeSeparator":"","_EventOrganizerID":[],"_EventVenueID":[],"_OrganizerEmail":"","_OrganizerPhone":"","_OrganizerWebsite":"","_VenueAddress":"","_VenueCity":"","_VenueCountry":"","_VenueProvince":"","_VenueState":"","_VenueZip":"","_VenuePhone":"","_VenueURL":"","_VenueStateProvince":"","_VenueLat":"","_VenueLng":"","_VenueShowMap":false,"_VenueShowMapLink":false,"footnotes":""},"categories":[2],"tags":[],"class_list":["post-2057","post","type-post","status-publish","format-standard","has-post-thumbnail","category-gemeindepolitik"],"_links":{"self":[{"href":"http:\/\/fwg-woellstadt.de\/index.php\/wp-json\/wp\/v2\/posts\/2057","targetHints":{"allow":["GET"]}}],"collection":[{"href":"http:\/\/fwg-woellstadt.de\/index.php\/wp-json\/wp\/v2\/posts"}],"about":[{"href":"http:\/\/fwg-woellstadt.de\/index.php\/wp-json\/wp\/v2\/types\/post"}],"author":[{"embeddable":true,"href":"http:\/\/fwg-woellstadt.de\/index.php\/wp-json\/wp\/v2\/users\/4"}],"replies":[{"embeddable":true,"href":"http:\/\/fwg-woellstadt.de\/index.php\/wp-json\/wp\/v2\/comments?post=2057"}],"version-history":[{"count":1,"href":"http:\/\/fwg-woellstadt.de\/index.php\/wp-json\/wp\/v2\/posts\/2057\/revisions"}],"predecessor-version":[{"id":2059,"href":"http:\/\/fwg-woellstadt.de\/index.php\/wp-json\/wp\/v2\/posts\/2057\/revisions\/2059"}],"wp:featuredmedia":[{"embeddable":true,"href":"http:\/\/fwg-woellstadt.de\/index.php\/wp-json\/wp\/v2\/media\/2058"}],"wp:attachment":[{"href":"http:\/\/fwg-woellstadt.de\/index.php\/wp-json\/wp\/v2\/media?parent=2057"}],"wp:term":[{"taxonomy":"category","embeddable":true,"href":"http:\/\/fwg-woellstadt.de\/index.php\/wp-json\/wp\/v2\/categories?post=2057"},{"taxonomy":"post_tag","embeddable":true,"href":"http:\/\/fwg-woellstadt.de\/index.php\/wp-json\/wp\/v2\/tags?post=2057"}],"curies":[{"name":"wp","href":"https:\/\/api.w.org\/{rel}","templated":true}]}}