{"id":2069,"date":"2025-06-13T16:31:24","date_gmt":"2025-06-13T14:31:24","guid":{"rendered":"http:\/\/fwg-woellstadt.de\/?p=2069"},"modified":"2025-06-13T16:31:25","modified_gmt":"2025-06-13T14:31:25","slug":"massvolle-erhoehung-der-kindergartengebuehren-um-8-warum-wir-diesen-weg-gehen","status":"publish","type":"post","link":"http:\/\/fwg-woellstadt.de\/index.php\/2025\/06\/13\/massvolle-erhoehung-der-kindergartengebuehren-um-8-warum-wir-diesen-weg-gehen\/","title":{"rendered":"Ma\u00dfvolle Erh\u00f6hung der Kindergartengeb\u00fchren um 8\u202f% \u2013 warum wir diesen Weg gehen"},"content":{"rendered":"\n<p>Die Finanzierung unserer Kindertageseinrichtungen ist ein zentrales Thema der kommunalen Haushaltsplanung. Die Elternbeitr\u00e4ge werden in der geltenden Geb\u00fchrensatzung festgelegt, die 25 % der Kosten decken sollen. Um auf diese 25 % Deckung zu kommen, m\u00fcsste die Kindergartengeb\u00fchr unserer Meinung nach unverh\u00e4ltnism\u00e4\u00dfig erh\u00f6ht werden.<\/p>\n\n\n\n<p>Unser Ziel ist es, eine ausgewogene L\u00f6sung zu finden \u2013 zwischen der notwendigen finanziellen Entlastung des Gemeindehaushalts und der sozialen Verantwortung gegen\u00fcber den Familien in unserer Gemeinde. Eine abrupte Erh\u00f6hung um 34 % w\u00fcrde viele Eltern vor erhebliche Mehrbelastungen stellen, gerade in einer Zeit, in der viele ohnehin durch steigende Lebenshaltungskosten unter Druck stehen.<\/p>\n\n\n\n<p>Mit der am 12.06.2025 beschlossenen moderaten Erh\u00f6hung um 8\u202f% bewegen wir uns auf die in der Satzung vorgesehene Kostendeckung zu, ohne die Betroffenen zu \u00fcberfordern. Damit senden wir auch ein klares Signal, dass die langfristige Finanzierung solide und planvoll erfolgen soll \u2013 aber nicht auf dem R\u00fccken der Familien.<\/p>\n\n\n\n<p><strong>Externe Berechnung der Geb\u00fchren f\u00fcr die kommenden Jahre<\/strong><\/p>\n\n\n\n<p>Eine in der Gemeindevertretung, von allen vorgeschlagenen externen Berechnung der zuk\u00fcnftigen Geb\u00fchren ist, wie in anderen Gemeinden \u00fcblich, angedacht.<br>Die tats\u00e4chlichen Kosten f\u00fcr die Kinderbetreuung sollen extern, neutral und transparent berechnet werden. Damit schaffen wir eine belastbare Grundlage f\u00fcr zuk\u00fcnftige Entscheidungen, die nicht nur politisch nachvollziehbar, sondern auch sachlich fundiert sind.<\/p>\n\n\n\n<p>Wir stehen zu unserer Verantwortung, die Einrichtungen qualitativ hochwertig und zukunftsf\u00e4hig zu gestalten \u2013 und gleichzeitig familienfreundlich zu bleiben. Die jetzige Entscheidung ist ein Schritt in diese Richtung.<\/p>\n\n\n\n<p>Deshalb auch in Zukunft FWG!<\/p>\n\n\n\n<p>F\u00fcr W\u00f6llstadt Gut!!!<\/p>\n\n\n\n<figure class=\"wp-block-image size-full is-resized\"><img loading=\"lazy\" decoding=\"async\" width=\"394\" height=\"436\" src=\"http:\/\/fwg-woellstadt.de\/wp-content\/uploads\/2025\/06\/Kitas_1-1.jpg\" alt=\"\" class=\"wp-image-2071\" style=\"width:391px;height:auto\" srcset=\"http:\/\/fwg-woellstadt.de\/wp-content\/uploads\/2025\/06\/Kitas_1-1.jpg 394w, http:\/\/fwg-woellstadt.de\/wp-content\/uploads\/2025\/06\/Kitas_1-1-271x300.jpg 271w\" sizes=\"auto, (max-width: 394px) 100vw, 394px\" \/><\/figure>\n","protected":false},"excerpt":{"rendered":"<div class=\"mh-excerpt\"><p>Die Finanzierung unserer Kindertageseinrichtungen ist ein zentrales Thema der kommunalen Haushaltsplanung. Die Elternbeitr\u00e4ge werden in der geltenden Geb\u00fchrensatzung festgelegt, die 25 % der Kosten decken sollen. Um auf diese 25 % Deckung zu kommen, m\u00fcsste <a class=\"mh-excerpt-more\" href=\"http:\/\/fwg-woellstadt.de\/index.php\/2025\/06\/13\/massvolle-erhoehung-der-kindergartengebuehren-um-8-warum-wir-diesen-weg-gehen\/\" title=\"Ma\u00dfvolle Erh\u00f6hung der Kindergartengeb\u00fchren um 8\u202f% \u2013 warum wir diesen Weg gehen\">[&#8230;]<\/a><\/p>\n<\/div>","protected":false},"author":4,"featured_media":2070,"comment_status":"closed","ping_status":"open","sticky":false,"template":"","format":"standard","meta":{"_EventAllDay":false,"_EventTimezone":"","_EventStartDate":"","_EventEndDate":"","_EventStartDateUTC":"","_EventEndDateUTC":"","_EventShowMap":false,"_EventShowMapLink":false,"_EventURL":"","_EventCost":"","_EventCostDescription":"","_EventCurrencySymbol":"","_EventCurrencyCode":"","_EventCurrencyPosition":"","_EventDateTimeSeparator":"","_EventTimeRangeSeparator":"","_EventOrganizerID":[],"_EventVenueID":[],"_OrganizerEmail":"","_OrganizerPhone":"","_OrganizerWebsite":"","_VenueAddress":"","_VenueCity":"","_VenueCountry":"","_VenueProvince":"","_VenueState":"","_VenueZip":"","_VenuePhone":"","_VenueURL":"","_VenueStateProvince":"","_VenueLat":"","_VenueLng":"","_VenueShowMap":false,"_VenueShowMapLink":false,"footnotes":""},"categories":[2],"tags":[],"class_list":["post-2069","post","type-post","status-publish","format-standard","has-post-thumbnail","category-gemeindepolitik"],"_links":{"self":[{"href":"http:\/\/fwg-woellstadt.de\/index.php\/wp-json\/wp\/v2\/posts\/2069","targetHints":{"allow":["GET"]}}],"collection":[{"href":"http:\/\/fwg-woellstadt.de\/index.php\/wp-json\/wp\/v2\/posts"}],"about":[{"href":"http:\/\/fwg-woellstadt.de\/index.php\/wp-json\/wp\/v2\/types\/post"}],"author":[{"embeddable":true,"href":"http:\/\/fwg-woellstadt.de\/index.php\/wp-json\/wp\/v2\/users\/4"}],"replies":[{"embeddable":true,"href":"http:\/\/fwg-woellstadt.de\/index.php\/wp-json\/wp\/v2\/comments?post=2069"}],"version-history":[{"count":1,"href":"http:\/\/fwg-woellstadt.de\/index.php\/wp-json\/wp\/v2\/posts\/2069\/revisions"}],"predecessor-version":[{"id":2072,"href":"http:\/\/fwg-woellstadt.de\/index.php\/wp-json\/wp\/v2\/posts\/2069\/revisions\/2072"}],"wp:featuredmedia":[{"embeddable":true,"href":"http:\/\/fwg-woellstadt.de\/index.php\/wp-json\/wp\/v2\/media\/2070"}],"wp:attachment":[{"href":"http:\/\/fwg-woellstadt.de\/index.php\/wp-json\/wp\/v2\/media?parent=2069"}],"wp:term":[{"taxonomy":"category","embeddable":true,"href":"http:\/\/fwg-woellstadt.de\/index.php\/wp-json\/wp\/v2\/categories?post=2069"},{"taxonomy":"post_tag","embeddable":true,"href":"http:\/\/fwg-woellstadt.de\/index.php\/wp-json\/wp\/v2\/tags?post=2069"}],"curies":[{"name":"wp","href":"https:\/\/api.w.org\/{rel}","templated":true}]}}