{"id":2074,"date":"2025-06-21T09:18:41","date_gmt":"2025-06-21T07:18:41","guid":{"rendered":"http:\/\/fwg-woellstadt.de\/?p=2074"},"modified":"2025-06-21T09:18:43","modified_gmt":"2025-06-21T07:18:43","slug":"erfrischung-fuer-den-meldekopf-der-wetterauer-hilfsorganisationen","status":"publish","type":"post","link":"http:\/\/fwg-woellstadt.de\/index.php\/2025\/06\/21\/erfrischung-fuer-den-meldekopf-der-wetterauer-hilfsorganisationen\/","title":{"rendered":"Erfrischung f\u00fcr den \u201eMeldekopf\u201c der Wetterauer Hilfsorganisationen!"},"content":{"rendered":"\n<p>Die vier Wetterauer Hilfsorganisationen, ASB\/Johanniter\/Malteser und DRK, haben ihren Meldekopf im Zuge des Hessentages Bad Vilbel im B\u00fcrgerhaus in Nieder-W\u00f6llstadt eingerichtet. Am Meldekopf werden alle an- und abr\u00fcckenden Helferinnen und Helfer, einschlie\u00dflich der eingesetzten Rettungsfahrzeuge erfasst, registriert und eingeteilt. T\u00e4glich betrifft das ca. 300 medizinische Einsatzkr\u00e4fte und duzende Rettungsfahrzeuge. Die Wetterauer Hilfsorganisationen f\u00fchlen sich wohl und gut betreut im Nieder-W\u00f6llst\u00e4dter B\u00fcrgerhaus. Angesichts der derzeit klimatischen Verh\u00e4ltnisse beschloss die FWG-W\u00f6llstadt unseren G\u00e4sten eine k\u00f6stliche Erfrischung zukommen zu lassen. Am Freitag Nachmittag \u00fcberbrachten J\u00fcrgen Ristau und Conny Ihl-Wagner eine \u201eEis\u201c-kalte \u00dcberraschung. Im Anschluss an das obligatorische Foto wurden die K\u00fchlboxen mit der gespendeten Erfrischung gepl\u00fcndert.<\/p>\n\n\n\n<p>FWG-F\u00fcr W\u00f6llstadt Gut!<\/p>\n\n\n\n<figure class=\"wp-block-image size-full\"><img loading=\"lazy\" decoding=\"async\" width=\"676\" height=\"351\" src=\"http:\/\/fwg-woellstadt.de\/wp-content\/uploads\/2025\/06\/Unbenannt.png\" alt=\"\" class=\"wp-image-2075\" srcset=\"http:\/\/fwg-woellstadt.de\/wp-content\/uploads\/2025\/06\/Unbenannt.png 676w, http:\/\/fwg-woellstadt.de\/wp-content\/uploads\/2025\/06\/Unbenannt-300x156.png 300w\" sizes=\"auto, (max-width: 676px) 100vw, 676px\" \/><\/figure>\n\n\n\n<p>Besetzung des \u201eMeldekopfes\u201c mit den Initiatoren der FWG-Spende J\u00fcrgen Ristau und Conny Ihl-Wagner<\/p>\n\n\n\n<p><\/p>\n","protected":false},"excerpt":{"rendered":"<div class=\"mh-excerpt\"><p>Die vier Wetterauer Hilfsorganisationen, ASB\/Johanniter\/Malteser und DRK, haben ihren Meldekopf im Zuge des Hessentages Bad Vilbel im B\u00fcrgerhaus in Nieder-W\u00f6llstadt eingerichtet. Am Meldekopf werden alle an- und abr\u00fcckenden Helferinnen und Helfer, einschlie\u00dflich der eingesetzten Rettungsfahrzeuge <a class=\"mh-excerpt-more\" href=\"http:\/\/fwg-woellstadt.de\/index.php\/2025\/06\/21\/erfrischung-fuer-den-meldekopf-der-wetterauer-hilfsorganisationen\/\" title=\"Erfrischung f\u00fcr den \u201eMeldekopf\u201c der Wetterauer Hilfsorganisationen!\">[&#8230;]<\/a><\/p>\n<\/div>","protected":false},"author":4,"featured_media":2075,"comment_status":"closed","ping_status":"open","sticky":false,"template":"","format":"standard","meta":{"_EventAllDay":false,"_EventTimezone":"","_EventStartDate":"","_EventEndDate":"","_EventStartDateUTC":"","_EventEndDateUTC":"","_EventShowMap":false,"_EventShowMapLink":false,"_EventURL":"","_EventCost":"","_EventCostDescription":"","_EventCurrencySymbol":"","_EventCurrencyCode":"","_EventCurrencyPosition":"","_EventDateTimeSeparator":"","_EventTimeRangeSeparator":"","_EventOrganizerID":[],"_EventVenueID":[],"_OrganizerEmail":"","_OrganizerPhone":"","_OrganizerWebsite":"","_VenueAddress":"","_VenueCity":"","_VenueCountry":"","_VenueProvince":"","_VenueState":"","_VenueZip":"","_VenuePhone":"","_VenueURL":"","_VenueStateProvince":"","_VenueLat":"","_VenueLng":"","_VenueShowMap":false,"_VenueShowMapLink":false,"footnotes":""},"categories":[2],"tags":[],"class_list":["post-2074","post","type-post","status-publish","format-standard","has-post-thumbnail","category-gemeindepolitik"],"_links":{"self":[{"href":"http:\/\/fwg-woellstadt.de\/index.php\/wp-json\/wp\/v2\/posts\/2074","targetHints":{"allow":["GET"]}}],"collection":[{"href":"http:\/\/fwg-woellstadt.de\/index.php\/wp-json\/wp\/v2\/posts"}],"about":[{"href":"http:\/\/fwg-woellstadt.de\/index.php\/wp-json\/wp\/v2\/types\/post"}],"author":[{"embeddable":true,"href":"http:\/\/fwg-woellstadt.de\/index.php\/wp-json\/wp\/v2\/users\/4"}],"replies":[{"embeddable":true,"href":"http:\/\/fwg-woellstadt.de\/index.php\/wp-json\/wp\/v2\/comments?post=2074"}],"version-history":[{"count":1,"href":"http:\/\/fwg-woellstadt.de\/index.php\/wp-json\/wp\/v2\/posts\/2074\/revisions"}],"predecessor-version":[{"id":2076,"href":"http:\/\/fwg-woellstadt.de\/index.php\/wp-json\/wp\/v2\/posts\/2074\/revisions\/2076"}],"wp:featuredmedia":[{"embeddable":true,"href":"http:\/\/fwg-woellstadt.de\/index.php\/wp-json\/wp\/v2\/media\/2075"}],"wp:attachment":[{"href":"http:\/\/fwg-woellstadt.de\/index.php\/wp-json\/wp\/v2\/media?parent=2074"}],"wp:term":[{"taxonomy":"category","embeddable":true,"href":"http:\/\/fwg-woellstadt.de\/index.php\/wp-json\/wp\/v2\/categories?post=2074"},{"taxonomy":"post_tag","embeddable":true,"href":"http:\/\/fwg-woellstadt.de\/index.php\/wp-json\/wp\/v2\/tags?post=2074"}],"curies":[{"name":"wp","href":"https:\/\/api.w.org\/{rel}","templated":true}]}}