{"id":2078,"date":"2025-08-05T11:19:15","date_gmt":"2025-08-05T09:19:15","guid":{"rendered":"http:\/\/fwg-woellstadt.de\/?p=2078"},"modified":"2025-08-05T12:30:49","modified_gmt":"2025-08-05T10:30:49","slug":"stadtradeln-2026","status":"publish","type":"post","link":"http:\/\/fwg-woellstadt.de\/index.php\/2025\/08\/05\/stadtradeln-2026\/","title":{"rendered":"Stadtradeln 2025"},"content":{"rendered":"\n<p>Die Gemeinde W\u00f6llstadt nimmt zum dritten Male in diesem Jahr an dem bundesweit veranstalteten Stadtradeln vom 17. August bis 6. September teil. Im Wesentlichen geht es darum, so viele Alltagsstrecken wie m\u00f6glich klimafreundlich mit dem Fahrrad zur\u00fcckzulegen. Jeder geradelte Kilometer wird gelistet und kommt nicht nur der Kilometerleistung der Gemeinde, sondern auch der eigenen Gesundheit zugute.<\/p>\n\n\n\n<p>Die Auftaktveranstaltung in diesem Jahr veranstaltet der Radfahr-Club Edelweiss 1914, der am 17.08. sein \u201ePedal Total\u201c veranstaltet, zum dem jede Menge Hobbyradfahrer aus der Region erwartet werden. F\u00fcr W\u00f6llst\u00e4dter B\u00fcrger ist die Veranstaltung des RC Edelweiss der Start f\u00fcr<s> <\/s>das Stadtradeln 2025. Beim Stadtradeln geht es darum, m\u00f6glichst viele Radkilometer entweder allein oder als Teil eines Teams zur\u00fcckzulegen.<\/p>\n\n\n\n<p>Egal, ob dann beruflich oder privat unterwegs \u2013 Ziel ist es, das Fahrrad in den 21 Tagen so viel und h\u00e4ufig auf Alltagsstrecken zu nutzen. Die \u00fcber die Stadtradeln-App erfassten Daten werden ausgewertet und den Kommunen als Hilfe z.B. bei der Radverkehrsplanung zur Verf\u00fcgung gestellt. Die Daten zeigen beispielsweise auf welchen Strecken besonders viele Radler unterwegs sind und wo Gefahrenstellen beseitigt werden m\u00fcssen. Sie bilden eine wichtige Grundlage f\u00fcr eine bedarfsgerecht, attraktive und sichere Verbesserung der Radverkehrsinfrastruktur in W\u00f6llstadt.<\/p>\n\n\n\n<p>Speziell soll der Kreuzungsbereich Frankfurter Stra\u00dfe \/ Ilbenst\u00e4dter Stra\u00dfe fahrradfreundlich umgestaltet werden, was jedoch erst im Zuge der Verkehrsberuhigungsma\u00dfnahme in den n\u00e4chsten Jahren umgesetzt werden kann. Gegebenenfalls kann zu einem fr\u00fcheren Zeitpunkt eine Markierung im Ausfahrtsbereich von Nieder-W\u00f6llstadt in Richtung Friedberg angebracht werden, um den Radfahrverkehr sicher zu dem vorhandenen Geh- und Radweg nach Ober-W\u00f6llstadt zu leiten.<\/p>\n\n\n\n<p>Neben dem Spa\u00df an der Bewegung in der Gemeinde und manchem eingesparten Autokilometer geht es darum, die Alltagstauglichkeit des Fahrrades zu erfahren. Besonders Familien k\u00f6nnen das Stadtradeln zum Anlass nehmen, um Kinder an die eigenst\u00e4ndige Mobilit\u00e4t heranzuf\u00fchren. Schlie\u00dflich ist das Auto \u00fcber viele Jahre Nummer eins im Bereich der Mobilit\u00e4t. Das muss sich \u00e4ndern, um verkehrsbedingte Umweltsch\u00e4den zu reduzieren. Hierzu kann das Stadtradeln in unserer Kommune ein Beitrag sein.<\/p>\n\n\n\n<p>Die Vereine W\u00f6llstadts k\u00f6nnen eigene Teams aufstellen und mit ihren Mitgliedern zum Erfolg der Aktion beitragen. In den vergangenen Jahren hatten alleine der RC Edelweiss, der F\u00f6rderverein der Fritz-Erler-Schule und die Concordia \u00fcber 10.000 Kilometer geradelt. Dieses Ergebnis gilt es in diesem Jahr zu toppen. Die Anmeldung ist ab sofort unter <a href=\"http:\/\/www.stadtradeln.de\/woellstadt\" target=\"_blank\" rel=\"noopener\"><\/a><\/p>\n\n\n\n<p><a href=\"http:\/\/www.stadtradeln.de\/woellstadt\" target=\"_blank\" rel=\"noopener\">STADTRADELN &#8211; Radeln f\u00fcr ein gutes Klima<\/a> m\u00f6glich. Ausk\u00fcnfte zur Teilnahme und Aufstellung eigener Teams beantwortet Karina Linz, Tel. 06034-913116 oder <a href=\"mailto:Karina.Linz@woellstadt.de\">Karina.Linz@woellstadt.de<\/a>. Die FWG-W\u00f6llstadt w\u00fcnscht sich eine rege Teilnahme der W\u00f6llstadter B\u00fcrger und wird auch selbst aufs Fahrrad steigen.<\/p>\n\n\n\n<p>FWG- F\u00fcr W\u00f6llstadt Gut!<\/p>\n\n\n\n<figure class=\"wp-block-image size-full\"><img loading=\"lazy\" decoding=\"async\" width=\"1015\" height=\"1015\" src=\"http:\/\/fwg-woellstadt.de\/wp-content\/uploads\/2025\/08\/LogoStadtradeln2025.jpg\" alt=\"\" class=\"wp-image-2079\" srcset=\"http:\/\/fwg-woellstadt.de\/wp-content\/uploads\/2025\/08\/LogoStadtradeln2025.jpg 1015w, http:\/\/fwg-woellstadt.de\/wp-content\/uploads\/2025\/08\/LogoStadtradeln2025-300x300.jpg 300w, http:\/\/fwg-woellstadt.de\/wp-content\/uploads\/2025\/08\/LogoStadtradeln2025-150x150.jpg 150w, http:\/\/fwg-woellstadt.de\/wp-content\/uploads\/2025\/08\/LogoStadtradeln2025-768x768.jpg 768w\" sizes=\"auto, (max-width: 1015px) 100vw, 1015px\" \/><\/figure>\n","protected":false},"excerpt":{"rendered":"<div class=\"mh-excerpt\"><p>Die Gemeinde W\u00f6llstadt nimmt zum dritten Male in diesem Jahr an dem bundesweit veranstalteten Stadtradeln vom 17. August bis 6. September teil. Im Wesentlichen geht es darum, so viele Alltagsstrecken wie m\u00f6glich klimafreundlich mit dem <a class=\"mh-excerpt-more\" href=\"http:\/\/fwg-woellstadt.de\/index.php\/2025\/08\/05\/stadtradeln-2026\/\" title=\"Stadtradeln 2025\">[&#8230;]<\/a><\/p>\n<\/div>","protected":false},"author":4,"featured_media":2079,"comment_status":"closed","ping_status":"open","sticky":false,"template":"","format":"standard","meta":{"_EventAllDay":false,"_EventTimezone":"","_EventStartDate":"","_EventEndDate":"","_EventStartDateUTC":"","_EventEndDateUTC":"","_EventShowMap":false,"_EventShowMapLink":false,"_EventURL":"","_EventCost":"","_EventCostDescription":"","_EventCurrencySymbol":"","_EventCurrencyCode":"","_EventCurrencyPosition":"","_EventDateTimeSeparator":"","_EventTimeRangeSeparator":"","_EventOrganizerID":[],"_EventVenueID":[],"_OrganizerEmail":"","_OrganizerPhone":"","_OrganizerWebsite":"","_VenueAddress":"","_VenueCity":"","_VenueCountry":"","_VenueProvince":"","_VenueState":"","_VenueZip":"","_VenuePhone":"","_VenueURL":"","_VenueStateProvince":"","_VenueLat":"","_VenueLng":"","_VenueShowMap":false,"_VenueShowMapLink":false,"footnotes":""},"categories":[2],"tags":[],"class_list":["post-2078","post","type-post","status-publish","format-standard","has-post-thumbnail","category-gemeindepolitik"],"_links":{"self":[{"href":"http:\/\/fwg-woellstadt.de\/index.php\/wp-json\/wp\/v2\/posts\/2078","targetHints":{"allow":["GET"]}}],"collection":[{"href":"http:\/\/fwg-woellstadt.de\/index.php\/wp-json\/wp\/v2\/posts"}],"about":[{"href":"http:\/\/fwg-woellstadt.de\/index.php\/wp-json\/wp\/v2\/types\/post"}],"author":[{"embeddable":true,"href":"http:\/\/fwg-woellstadt.de\/index.php\/wp-json\/wp\/v2\/users\/4"}],"replies":[{"embeddable":true,"href":"http:\/\/fwg-woellstadt.de\/index.php\/wp-json\/wp\/v2\/comments?post=2078"}],"version-history":[{"count":2,"href":"http:\/\/fwg-woellstadt.de\/index.php\/wp-json\/wp\/v2\/posts\/2078\/revisions"}],"predecessor-version":[{"id":2081,"href":"http:\/\/fwg-woellstadt.de\/index.php\/wp-json\/wp\/v2\/posts\/2078\/revisions\/2081"}],"wp:featuredmedia":[{"embeddable":true,"href":"http:\/\/fwg-woellstadt.de\/index.php\/wp-json\/wp\/v2\/media\/2079"}],"wp:attachment":[{"href":"http:\/\/fwg-woellstadt.de\/index.php\/wp-json\/wp\/v2\/media?parent=2078"}],"wp:term":[{"taxonomy":"category","embeddable":true,"href":"http:\/\/fwg-woellstadt.de\/index.php\/wp-json\/wp\/v2\/categories?post=2078"},{"taxonomy":"post_tag","embeddable":true,"href":"http:\/\/fwg-woellstadt.de\/index.php\/wp-json\/wp\/v2\/tags?post=2078"}],"curies":[{"name":"wp","href":"https:\/\/api.w.org\/{rel}","templated":true}]}}