{"id":2082,"date":"2025-08-07T14:22:23","date_gmt":"2025-08-07T12:22:23","guid":{"rendered":"http:\/\/fwg-woellstadt.de\/?p=2082"},"modified":"2025-08-07T14:22:24","modified_gmt":"2025-08-07T12:22:24","slug":"kunstrasenplatz-des-sv-1923-loest-sich-auf","status":"publish","type":"post","link":"http:\/\/fwg-woellstadt.de\/index.php\/2025\/08\/07\/kunstrasenplatz-des-sv-1923-loest-sich-auf\/","title":{"rendered":"Kunstrasenplatz des SV 1923 l\u00f6st sich auf!"},"content":{"rendered":"\n<p>Die Gemeindeverwaltung teilt mit, dass der Kunstrasenplatz des SV 1923 Nieder-W\u00f6llstadt f\u00fcr den Spielbetrieb bis auf weiteres gesperrt wird. Als Grund hierf\u00fcr wird das Abl\u00f6sen\/Verfl\u00fcssigen des Einstreugranulats, welches aus Kunststoff besteht, genannt. Der meist enthaltene Kunststoff Polyethylen erweicht teils schon bei h\u00f6heren Temperaturen. Der Gemeindevorstand hat sich mit dem Hersteller des 2017 errichteten Kunstrasenplatzes in Verbindung gesetzt um eine L\u00f6sung des Problems zu erreichen. Die FWG W\u00f6llstadt unterst\u00fctzt den SV 1923 bei seinen Bem\u00fchungen um den Spielbetrieb aufrecht zu erhalten. F\u00fcr drei Seniorenmannschaften und ca. 200 jugendliche Fu\u00dfballer m\u00fcssen neue Trainings- und Spielzeiten in den umliegenden Gemeinden organisiert werden. Eine Anfrage an den Gemeindevorstand zum Stand der Verhandlungen mit dem Hersteller wurde von der FWG Fraktion eingereicht. Es folgen weitere Informationen zum Sachstand des Problems.<\/p>\n\n\n\n<p>FWG-F\u00fcr W\u00f6llstadt Gut!<\/p>\n\n\n\n<figure class=\"wp-block-gallery has-nested-images columns-default is-cropped wp-block-gallery-2 is-layout-flex wp-block-gallery-is-layout-flex\">\n<figure class=\"wp-block-image size-large\"><img loading=\"lazy\" decoding=\"async\" width=\"768\" height=\"1024\" data-id=\"2083\" src=\"http:\/\/fwg-woellstadt.de\/wp-content\/uploads\/2025\/08\/Sportplatz_2-768x1024.jpg\" alt=\"\" class=\"wp-image-2083\" srcset=\"http:\/\/fwg-woellstadt.de\/wp-content\/uploads\/2025\/08\/Sportplatz_2-768x1024.jpg 768w, http:\/\/fwg-woellstadt.de\/wp-content\/uploads\/2025\/08\/Sportplatz_2-225x300.jpg 225w, http:\/\/fwg-woellstadt.de\/wp-content\/uploads\/2025\/08\/Sportplatz_2-1152x1536.jpg 1152w, http:\/\/fwg-woellstadt.de\/wp-content\/uploads\/2025\/08\/Sportplatz_2.jpg 1200w\" sizes=\"auto, (max-width: 768px) 100vw, 768px\" \/><\/figure>\n\n\n\n<figure class=\"wp-block-image size-large\"><img loading=\"lazy\" decoding=\"async\" width=\"768\" height=\"1024\" data-id=\"2084\" src=\"http:\/\/fwg-woellstadt.de\/wp-content\/uploads\/2025\/08\/Sportplatz_1-768x1024.jpg\" alt=\"\" class=\"wp-image-2084\" srcset=\"http:\/\/fwg-woellstadt.de\/wp-content\/uploads\/2025\/08\/Sportplatz_1-768x1024.jpg 768w, http:\/\/fwg-woellstadt.de\/wp-content\/uploads\/2025\/08\/Sportplatz_1-225x300.jpg 225w, http:\/\/fwg-woellstadt.de\/wp-content\/uploads\/2025\/08\/Sportplatz_1-1152x1536.jpg 1152w, http:\/\/fwg-woellstadt.de\/wp-content\/uploads\/2025\/08\/Sportplatz_1.jpg 1200w\" sizes=\"auto, (max-width: 768px) 100vw, 768px\" \/><\/figure>\n<\/figure>\n","protected":false},"excerpt":{"rendered":"<div class=\"mh-excerpt\"><p>Die Gemeindeverwaltung teilt mit, dass der Kunstrasenplatz des SV 1923 Nieder-W\u00f6llstadt f\u00fcr den Spielbetrieb bis auf weiteres gesperrt wird. Als Grund hierf\u00fcr wird das Abl\u00f6sen\/Verfl\u00fcssigen des Einstreugranulats, welches aus Kunststoff besteht, genannt. Der meist enthaltene <a class=\"mh-excerpt-more\" href=\"http:\/\/fwg-woellstadt.de\/index.php\/2025\/08\/07\/kunstrasenplatz-des-sv-1923-loest-sich-auf\/\" title=\"Kunstrasenplatz des SV 1923 l\u00f6st sich auf!\">[&#8230;]<\/a><\/p>\n<\/div>","protected":false},"author":4,"featured_media":2084,"comment_status":"closed","ping_status":"open","sticky":false,"template":"","format":"standard","meta":{"_EventAllDay":false,"_EventTimezone":"","_EventStartDate":"","_EventEndDate":"","_EventStartDateUTC":"","_EventEndDateUTC":"","_EventShowMap":false,"_EventShowMapLink":false,"_EventURL":"","_EventCost":"","_EventCostDescription":"","_EventCurrencySymbol":"","_EventCurrencyCode":"","_EventCurrencyPosition":"","_EventDateTimeSeparator":"","_EventTimeRangeSeparator":"","_EventOrganizerID":[],"_EventVenueID":[],"_OrganizerEmail":"","_OrganizerPhone":"","_OrganizerWebsite":"","_VenueAddress":"","_VenueCity":"","_VenueCountry":"","_VenueProvince":"","_VenueState":"","_VenueZip":"","_VenuePhone":"","_VenueURL":"","_VenueStateProvince":"","_VenueLat":"","_VenueLng":"","_VenueShowMap":false,"_VenueShowMapLink":false,"footnotes":""},"categories":[2],"tags":[],"class_list":["post-2082","post","type-post","status-publish","format-standard","has-post-thumbnail","category-gemeindepolitik"],"_links":{"self":[{"href":"http:\/\/fwg-woellstadt.de\/index.php\/wp-json\/wp\/v2\/posts\/2082","targetHints":{"allow":["GET"]}}],"collection":[{"href":"http:\/\/fwg-woellstadt.de\/index.php\/wp-json\/wp\/v2\/posts"}],"about":[{"href":"http:\/\/fwg-woellstadt.de\/index.php\/wp-json\/wp\/v2\/types\/post"}],"author":[{"embeddable":true,"href":"http:\/\/fwg-woellstadt.de\/index.php\/wp-json\/wp\/v2\/users\/4"}],"replies":[{"embeddable":true,"href":"http:\/\/fwg-woellstadt.de\/index.php\/wp-json\/wp\/v2\/comments?post=2082"}],"version-history":[{"count":1,"href":"http:\/\/fwg-woellstadt.de\/index.php\/wp-json\/wp\/v2\/posts\/2082\/revisions"}],"predecessor-version":[{"id":2085,"href":"http:\/\/fwg-woellstadt.de\/index.php\/wp-json\/wp\/v2\/posts\/2082\/revisions\/2085"}],"wp:featuredmedia":[{"embeddable":true,"href":"http:\/\/fwg-woellstadt.de\/index.php\/wp-json\/wp\/v2\/media\/2084"}],"wp:attachment":[{"href":"http:\/\/fwg-woellstadt.de\/index.php\/wp-json\/wp\/v2\/media?parent=2082"}],"wp:term":[{"taxonomy":"category","embeddable":true,"href":"http:\/\/fwg-woellstadt.de\/index.php\/wp-json\/wp\/v2\/categories?post=2082"},{"taxonomy":"post_tag","embeddable":true,"href":"http:\/\/fwg-woellstadt.de\/index.php\/wp-json\/wp\/v2\/tags?post=2082"}],"curies":[{"name":"wp","href":"https:\/\/api.w.org\/{rel}","templated":true}]}}