{"id":2098,"date":"2025-08-19T12:31:27","date_gmt":"2025-08-19T10:31:27","guid":{"rendered":"http:\/\/fwg-woellstadt.de\/?p=2098"},"modified":"2025-08-20T14:42:00","modified_gmt":"2025-08-20T12:42:00","slug":"hurra-die-schule-beginnt","status":"publish","type":"post","link":"http:\/\/fwg-woellstadt.de\/index.php\/2025\/08\/19\/hurra-die-schule-beginnt\/","title":{"rendered":"Hurra \u2013 die Schule beginnt!"},"content":{"rendered":"\n<p>Schulstart in Hessen \u2013 nach den Sommerferien werden die Stra\u00dfen wieder voll. In ganz Hessen beginnt die Schule. In W\u00f6llstadt mit seinen zwei Standorten der Fritz-Erler-Schule in Nieder-W\u00f6llstadt und Ober-W\u00f6llstadt werden am heutigen Dienstag ebenfalls die Erstkl\u00e4ssler mit dem Schulalltag beginnen. Die Einschulung ist f\u00fcr Erstkl\u00e4ssler mit Vorfreude und neuen Erwartungen verbunden. Der Schulalltag und der Schulweg mit seinen Schwierigkeiten k\u00f6nnen anfangs herausfordernd sein. Deshalb die Bitte an alle Autofahrer und Verkehrsteilnehmer in den n\u00e4chsten Tagen und Wochen langsam und vorausschauend fahren, insbesondere in der N\u00e4he von Schulen, Zebrastreifen und Ampeln. Die FWG-W\u00f6llstadt w\u00fcnscht allen eine sch\u00f6ne Schulzeit mit vielen tollen Erlebnissen an die man sich gerne erinnert.<\/p>\n\n\n\n<p>FWG \u2013 F\u00fcr W\u00f6llstadt gut!<\/p>\n\n\n\n<figure class=\"wp-block-image size-large\"><img loading=\"lazy\" decoding=\"async\" width=\"683\" height=\"1024\" src=\"http:\/\/fwg-woellstadt.de\/wp-content\/uploads\/2025\/08\/Unbenannt-683x1024.png\" alt=\"\" class=\"wp-image-2099\" srcset=\"http:\/\/fwg-woellstadt.de\/wp-content\/uploads\/2025\/08\/Unbenannt-683x1024.png 683w, http:\/\/fwg-woellstadt.de\/wp-content\/uploads\/2025\/08\/Unbenannt-200x300.png 200w, http:\/\/fwg-woellstadt.de\/wp-content\/uploads\/2025\/08\/Unbenannt.png 1024w\" sizes=\"auto, (max-width: 683px) 100vw, 683px\" \/><\/figure>\n","protected":false},"excerpt":{"rendered":"<div class=\"mh-excerpt\"><p>Schulstart in Hessen \u2013 nach den Sommerferien werden die Stra\u00dfen wieder voll. In ganz Hessen beginnt die Schule. In W\u00f6llstadt mit seinen zwei Standorten der Fritz-Erler-Schule in Nieder-W\u00f6llstadt und Ober-W\u00f6llstadt werden am heutigen Dienstag ebenfalls <a class=\"mh-excerpt-more\" href=\"http:\/\/fwg-woellstadt.de\/index.php\/2025\/08\/19\/hurra-die-schule-beginnt\/\" title=\"Hurra \u2013 die Schule beginnt!\">[&#8230;]<\/a><\/p>\n<\/div>","protected":false},"author":4,"featured_media":2099,"comment_status":"closed","ping_status":"open","sticky":false,"template":"","format":"standard","meta":{"_EventAllDay":false,"_EventTimezone":"","_EventStartDate":"","_EventEndDate":"","_EventStartDateUTC":"","_EventEndDateUTC":"","_EventShowMap":false,"_EventShowMapLink":false,"_EventURL":"","_EventCost":"","_EventCostDescription":"","_EventCurrencySymbol":"","_EventCurrencyCode":"","_EventCurrencyPosition":"","_EventDateTimeSeparator":"","_EventTimeRangeSeparator":"","_EventOrganizerID":[],"_EventVenueID":[],"_OrganizerEmail":"","_OrganizerPhone":"","_OrganizerWebsite":"","_VenueAddress":"","_VenueCity":"","_VenueCountry":"","_VenueProvince":"","_VenueState":"","_VenueZip":"","_VenuePhone":"","_VenueURL":"","_VenueStateProvince":"","_VenueLat":"","_VenueLng":"","_VenueShowMap":false,"_VenueShowMapLink":false,"footnotes":""},"categories":[2],"tags":[],"class_list":["post-2098","post","type-post","status-publish","format-standard","has-post-thumbnail","category-gemeindepolitik"],"_links":{"self":[{"href":"http:\/\/fwg-woellstadt.de\/index.php\/wp-json\/wp\/v2\/posts\/2098","targetHints":{"allow":["GET"]}}],"collection":[{"href":"http:\/\/fwg-woellstadt.de\/index.php\/wp-json\/wp\/v2\/posts"}],"about":[{"href":"http:\/\/fwg-woellstadt.de\/index.php\/wp-json\/wp\/v2\/types\/post"}],"author":[{"embeddable":true,"href":"http:\/\/fwg-woellstadt.de\/index.php\/wp-json\/wp\/v2\/users\/4"}],"replies":[{"embeddable":true,"href":"http:\/\/fwg-woellstadt.de\/index.php\/wp-json\/wp\/v2\/comments?post=2098"}],"version-history":[{"count":2,"href":"http:\/\/fwg-woellstadt.de\/index.php\/wp-json\/wp\/v2\/posts\/2098\/revisions"}],"predecessor-version":[{"id":2102,"href":"http:\/\/fwg-woellstadt.de\/index.php\/wp-json\/wp\/v2\/posts\/2098\/revisions\/2102"}],"wp:featuredmedia":[{"embeddable":true,"href":"http:\/\/fwg-woellstadt.de\/index.php\/wp-json\/wp\/v2\/media\/2099"}],"wp:attachment":[{"href":"http:\/\/fwg-woellstadt.de\/index.php\/wp-json\/wp\/v2\/media?parent=2098"}],"wp:term":[{"taxonomy":"category","embeddable":true,"href":"http:\/\/fwg-woellstadt.de\/index.php\/wp-json\/wp\/v2\/categories?post=2098"},{"taxonomy":"post_tag","embeddable":true,"href":"http:\/\/fwg-woellstadt.de\/index.php\/wp-json\/wp\/v2\/tags?post=2098"}],"curies":[{"name":"wp","href":"https:\/\/api.w.org\/{rel}","templated":true}]}}