{"id":2104,"date":"2025-09-14T20:33:54","date_gmt":"2025-09-14T18:33:54","guid":{"rendered":"http:\/\/fwg-woellstadt.de\/?p=2104"},"modified":"2025-09-14T20:33:56","modified_gmt":"2025-09-14T18:33:56","slug":"stadtradeln-2025","status":"publish","type":"post","link":"http:\/\/fwg-woellstadt.de\/index.php\/2025\/09\/14\/stadtradeln-2025\/","title":{"rendered":"Stadtradeln 2025"},"content":{"rendered":"\n<p>Eine \u00e4u\u00dferst erfreuliche Bilanz kann die Gemeinde W\u00f6llstadt beim bundesweiten Stadtradeln 2025 vorweisen. Im Zeitraum vom 17. August bis 06. September registrierten sich zwar lediglich 53 W\u00f6llst\u00e4dterinnen und W\u00f6llst\u00e4dter als aktive Radelnde \u2013 diese legten jedoch gemeinsam beeindruckende&nbsp;14.710 Kilometer&nbsp;bei&nbsp;927 Fahrten&nbsp;zur\u00fcck. Das entspricht einer Steigerung von&nbsp;fast einem Drittel&nbsp;gegen\u00fcber dem Vorjahr.<\/p>\n\n\n\n<p>Den Auftakt bildete auch in diesem Jahr die Veranstaltung&nbsp;\u201ePedal Total\u201c, organisiert vom&nbsp;Radfahr-Club Edelweiss, bei der die ersten Kilometer im Rahmen mehrerer Familientouren gesammelt wurden. Der Verein stellte nicht nur die meisten Teilnehmenden, sondern erzielte mit&nbsp;8.058 Kilometern&nbsp;auch das st\u00e4rkste Ergebnis.<\/p>\n\n\n\n<p>Weitere erfolgreiche Teams waren:<\/p>\n\n\n\n<ul class=\"wp-block-list\">\n<li>\u201eSucheSicherenRadweg \u2013 sicher radeln uff de Gass\u201c\u00a0mit\u00a02.520 km<\/li>\n\n\n\n<li>\u201eOffenes Team W\u00f6llstadt\u201c\u00a0mit\u00a02.257 km<\/li>\n\n\n\n<li>Mit dreistelligen Kilometerzahlen trugen sich auch die Teams\u00a0\u201eWoelltown Wizards\u201c,\u00a0\u201eFWG 2025\u201c\u00a0und\u00a0\u201eConcordia 1839\u201c\u00a0in die Ergebnisliste ein.<\/li>\n<\/ul>\n\n\n\n<p>F\u00fcr die Gemeinde ist dieses Ergebnis ein Grund zur Freude. Dennoch zeigt sich, dass eine&nbsp;vereinfachte Online-Registrierung&nbsp;w\u00fcnschenswert w\u00e4re, um k\u00fcnftig noch mehr B\u00fcrgerinnen und B\u00fcrger zur Teilnahme zu motivieren.<\/p>\n\n\n\n<p>Neben dem sportlichen Aspekt leisteten die Teilnehmenden auch einen wertvollen Beitrag zum&nbsp;Klimaschutz: Insgesamt wurden&nbsp;2.455 kg CO\u2082&nbsp;eingespart. Dar\u00fcber hinaus f\u00f6rdert das Radfahren die&nbsp;Gesundheit&nbsp;und tr\u00e4gt zur&nbsp;Steigerung der Lebensqualit\u00e4t&nbsp;in W\u00f6llstadt bei.<\/p>\n\n\n\n<p>Die gesammelten Daten werden der Gemeinde zur Verf\u00fcgung gestellt, um die&nbsp;Radfahrinfrastruktur&nbsp;in W\u00f6llstadt und Umgebung gezielt zu verbessern.<\/p>\n\n\n\n<p>Die&nbsp;FWG W\u00f6llstadt&nbsp;bedankt sich herzlich bei allen Teilnehmenden und w\u00fcnscht weiterhin viel Freude und&nbsp;unfallfreie Kilometer&nbsp;beim Radeln!<\/p>\n\n\n\n<p>FWG \u2013 F\u00fcr W\u00f6llstadt Gut!<\/p>\n\n\n\n<figure class=\"wp-block-image size-full\"><img loading=\"lazy\" decoding=\"async\" width=\"1015\" height=\"1015\" src=\"http:\/\/fwg-woellstadt.de\/wp-content\/uploads\/2025\/09\/LogoStadtradeln2025.jpg\" alt=\"\" class=\"wp-image-2105\" srcset=\"http:\/\/fwg-woellstadt.de\/wp-content\/uploads\/2025\/09\/LogoStadtradeln2025.jpg 1015w, http:\/\/fwg-woellstadt.de\/wp-content\/uploads\/2025\/09\/LogoStadtradeln2025-300x300.jpg 300w, http:\/\/fwg-woellstadt.de\/wp-content\/uploads\/2025\/09\/LogoStadtradeln2025-150x150.jpg 150w, http:\/\/fwg-woellstadt.de\/wp-content\/uploads\/2025\/09\/LogoStadtradeln2025-768x768.jpg 768w\" sizes=\"auto, (max-width: 1015px) 100vw, 1015px\" \/><\/figure>\n","protected":false},"excerpt":{"rendered":"<div class=\"mh-excerpt\"><p>Eine \u00e4u\u00dferst erfreuliche Bilanz kann die Gemeinde W\u00f6llstadt beim bundesweiten Stadtradeln 2025 vorweisen. Im Zeitraum vom 17. August bis 06. September registrierten sich zwar lediglich 53 W\u00f6llst\u00e4dterinnen und W\u00f6llst\u00e4dter als aktive Radelnde \u2013 diese legten <a class=\"mh-excerpt-more\" href=\"http:\/\/fwg-woellstadt.de\/index.php\/2025\/09\/14\/stadtradeln-2025\/\" title=\"Stadtradeln 2025\">[&#8230;]<\/a><\/p>\n<\/div>","protected":false},"author":4,"featured_media":2105,"comment_status":"closed","ping_status":"open","sticky":false,"template":"","format":"standard","meta":{"_EventAllDay":false,"_EventTimezone":"","_EventStartDate":"","_EventEndDate":"","_EventStartDateUTC":"","_EventEndDateUTC":"","_EventShowMap":false,"_EventShowMapLink":false,"_EventURL":"","_EventCost":"","_EventCostDescription":"","_EventCurrencySymbol":"","_EventCurrencyCode":"","_EventCurrencyPosition":"","_EventDateTimeSeparator":"","_EventTimeRangeSeparator":"","_EventOrganizerID":[],"_EventVenueID":[],"_OrganizerEmail":"","_OrganizerPhone":"","_OrganizerWebsite":"","_VenueAddress":"","_VenueCity":"","_VenueCountry":"","_VenueProvince":"","_VenueState":"","_VenueZip":"","_VenuePhone":"","_VenueURL":"","_VenueStateProvince":"","_VenueLat":"","_VenueLng":"","_VenueShowMap":false,"_VenueShowMapLink":false,"footnotes":""},"categories":[2],"tags":[],"class_list":["post-2104","post","type-post","status-publish","format-standard","has-post-thumbnail","category-gemeindepolitik"],"_links":{"self":[{"href":"http:\/\/fwg-woellstadt.de\/index.php\/wp-json\/wp\/v2\/posts\/2104","targetHints":{"allow":["GET"]}}],"collection":[{"href":"http:\/\/fwg-woellstadt.de\/index.php\/wp-json\/wp\/v2\/posts"}],"about":[{"href":"http:\/\/fwg-woellstadt.de\/index.php\/wp-json\/wp\/v2\/types\/post"}],"author":[{"embeddable":true,"href":"http:\/\/fwg-woellstadt.de\/index.php\/wp-json\/wp\/v2\/users\/4"}],"replies":[{"embeddable":true,"href":"http:\/\/fwg-woellstadt.de\/index.php\/wp-json\/wp\/v2\/comments?post=2104"}],"version-history":[{"count":1,"href":"http:\/\/fwg-woellstadt.de\/index.php\/wp-json\/wp\/v2\/posts\/2104\/revisions"}],"predecessor-version":[{"id":2106,"href":"http:\/\/fwg-woellstadt.de\/index.php\/wp-json\/wp\/v2\/posts\/2104\/revisions\/2106"}],"wp:featuredmedia":[{"embeddable":true,"href":"http:\/\/fwg-woellstadt.de\/index.php\/wp-json\/wp\/v2\/media\/2105"}],"wp:attachment":[{"href":"http:\/\/fwg-woellstadt.de\/index.php\/wp-json\/wp\/v2\/media?parent=2104"}],"wp:term":[{"taxonomy":"category","embeddable":true,"href":"http:\/\/fwg-woellstadt.de\/index.php\/wp-json\/wp\/v2\/categories?post=2104"},{"taxonomy":"post_tag","embeddable":true,"href":"http:\/\/fwg-woellstadt.de\/index.php\/wp-json\/wp\/v2\/tags?post=2104"}],"curies":[{"name":"wp","href":"https:\/\/api.w.org\/{rel}","templated":true}]}}