{"id":2111,"date":"2025-09-23T09:06:56","date_gmt":"2025-09-23T07:06:56","guid":{"rendered":"http:\/\/fwg-woellstadt.de\/?p=2111"},"modified":"2025-09-23T09:08:47","modified_gmt":"2025-09-23T07:08:47","slug":"fwg-antrag-zur-kita-gebuehrensatzung","status":"publish","type":"post","link":"http:\/\/fwg-woellstadt.de\/index.php\/2025\/09\/23\/fwg-antrag-zur-kita-gebuehrensatzung\/","title":{"rendered":"FWG Antrag zur Kita-Geb\u00fchrensatzung!"},"content":{"rendered":"\n<p>In der letzten Gemeindevertretersitzung vom September 2025 wurde unser FWG-Antrag fraktions\u00fcbergreifend mit \u00fcberw\u00e4ltigender Mehrheit beschlossen: Die Geb\u00fchrenkalkulation f\u00fcr die Kindertagesbetreuung soll von einem unabh\u00e4ngigen Fachb\u00fcro erarbeitet werden.<\/p>\n\n\n\n<p>Die externe Kalkulation bildet die Grundlage f\u00fcr eine umfassende \u00dcberpr\u00fcfung und \u00dcberarbeitung der derzeit g\u00fcltigen Satzung. Der Gemeindevorstand wurde beauftragt, darauf basierend eine Beschlussvorlage zur Neufassung der Satzung zu erarbeiten und rechtzeitig zur Beratung und Beschlussfassung f\u00fcr das Kita-Jahr 2025\/2026 vorzulegen. Wir sind \u00fcberzeugt, nur auf diese Weise entsteht eine transparente, nachvollziehbare, sozial gerechte und rechtssichere Kita-Geb\u00fchrensatzung.<\/p>\n\n\n\n<p>Die Forderungen in einem gestellten \u00c4nderungsantrag: Eine \u201eUmverteilung\u201c der Kosten soll gepr\u00fcft werden, die bisherige Geb\u00fchrenkalkulation soll auf Richtigkeit gepr\u00fcft werden, \u201eorts\u00fcbliche\u201c Kita-Geb\u00fchren, eine Obergrenze der Geb\u00fchrenbelastung oder auch eine Beteiligung der Eltern am Pr\u00fcfprozess gehen total an der Wirklichkeit vorbei wurden folgerichtig mit einer \u00fcberw\u00e4ltigten Mehrheit abgelehnt.<\/p>\n\n\n\n<p>Die FWG ist sich sicher f\u00fcr das Kita-Jahr 2025\/2026 die beste L\u00f6sung f\u00fcr alle auf den Weg gebracht zu haben. Auf den Social-Media-Kan\u00e4len der FWG werden Sie \u00fcber die weitere Entwicklung auf dem Laufenden gehalten.<\/p>\n\n\n\n<p>FWG \u2013 F\u00fcr W\u00f6llstadt gut!<\/p>\n\n\n\n<figure class=\"wp-block-image size-large\"><img loading=\"lazy\" decoding=\"async\" width=\"1024\" height=\"683\" src=\"http:\/\/fwg-woellstadt.de\/wp-content\/uploads\/2025\/09\/Kita_Gebuehren-1024x683.png\" alt=\"\" class=\"wp-image-2112\" srcset=\"http:\/\/fwg-woellstadt.de\/wp-content\/uploads\/2025\/09\/Kita_Gebuehren-1024x683.png 1024w, http:\/\/fwg-woellstadt.de\/wp-content\/uploads\/2025\/09\/Kita_Gebuehren-300x200.png 300w, http:\/\/fwg-woellstadt.de\/wp-content\/uploads\/2025\/09\/Kita_Gebuehren.png 1536w\" sizes=\"auto, (max-width: 1024px) 100vw, 1024px\" \/><\/figure>\n","protected":false},"excerpt":{"rendered":"<div class=\"mh-excerpt\"><p>In der letzten Gemeindevertretersitzung vom September 2025 wurde unser FWG-Antrag fraktions\u00fcbergreifend mit \u00fcberw\u00e4ltigender Mehrheit beschlossen: Die Geb\u00fchrenkalkulation f\u00fcr die Kindertagesbetreuung soll von einem unabh\u00e4ngigen Fachb\u00fcro erarbeitet werden. Die externe Kalkulation bildet die Grundlage f\u00fcr eine <a class=\"mh-excerpt-more\" href=\"http:\/\/fwg-woellstadt.de\/index.php\/2025\/09\/23\/fwg-antrag-zur-kita-gebuehrensatzung\/\" title=\"FWG Antrag zur Kita-Geb\u00fchrensatzung!\">[&#8230;]<\/a><\/p>\n<\/div>","protected":false},"author":4,"featured_media":2112,"comment_status":"closed","ping_status":"open","sticky":false,"template":"","format":"standard","meta":{"_EventAllDay":false,"_EventTimezone":"","_EventStartDate":"","_EventEndDate":"","_EventStartDateUTC":"","_EventEndDateUTC":"","_EventShowMap":false,"_EventShowMapLink":false,"_EventURL":"","_EventCost":"","_EventCostDescription":"","_EventCurrencySymbol":"","_EventCurrencyCode":"","_EventCurrencyPosition":"","_EventDateTimeSeparator":"","_EventTimeRangeSeparator":"","_EventOrganizerID":[],"_EventVenueID":[],"_OrganizerEmail":"","_OrganizerPhone":"","_OrganizerWebsite":"","_VenueAddress":"","_VenueCity":"","_VenueCountry":"","_VenueProvince":"","_VenueState":"","_VenueZip":"","_VenuePhone":"","_VenueURL":"","_VenueStateProvince":"","_VenueLat":"","_VenueLng":"","_VenueShowMap":false,"_VenueShowMapLink":false,"footnotes":""},"categories":[2],"tags":[],"class_list":["post-2111","post","type-post","status-publish","format-standard","has-post-thumbnail","category-gemeindepolitik"],"_links":{"self":[{"href":"http:\/\/fwg-woellstadt.de\/index.php\/wp-json\/wp\/v2\/posts\/2111","targetHints":{"allow":["GET"]}}],"collection":[{"href":"http:\/\/fwg-woellstadt.de\/index.php\/wp-json\/wp\/v2\/posts"}],"about":[{"href":"http:\/\/fwg-woellstadt.de\/index.php\/wp-json\/wp\/v2\/types\/post"}],"author":[{"embeddable":true,"href":"http:\/\/fwg-woellstadt.de\/index.php\/wp-json\/wp\/v2\/users\/4"}],"replies":[{"embeddable":true,"href":"http:\/\/fwg-woellstadt.de\/index.php\/wp-json\/wp\/v2\/comments?post=2111"}],"version-history":[{"count":1,"href":"http:\/\/fwg-woellstadt.de\/index.php\/wp-json\/wp\/v2\/posts\/2111\/revisions"}],"predecessor-version":[{"id":2113,"href":"http:\/\/fwg-woellstadt.de\/index.php\/wp-json\/wp\/v2\/posts\/2111\/revisions\/2113"}],"wp:featuredmedia":[{"embeddable":true,"href":"http:\/\/fwg-woellstadt.de\/index.php\/wp-json\/wp\/v2\/media\/2112"}],"wp:attachment":[{"href":"http:\/\/fwg-woellstadt.de\/index.php\/wp-json\/wp\/v2\/media?parent=2111"}],"wp:term":[{"taxonomy":"category","embeddable":true,"href":"http:\/\/fwg-woellstadt.de\/index.php\/wp-json\/wp\/v2\/categories?post=2111"},{"taxonomy":"post_tag","embeddable":true,"href":"http:\/\/fwg-woellstadt.de\/index.php\/wp-json\/wp\/v2\/tags?post=2111"}],"curies":[{"name":"wp","href":"https:\/\/api.w.org\/{rel}","templated":true}]}}