{"id":2115,"date":"2025-11-07T13:44:15","date_gmt":"2025-11-07T12:44:15","guid":{"rendered":"http:\/\/fwg-woellstadt.de\/?p=2115"},"modified":"2025-11-07T13:44:16","modified_gmt":"2025-11-07T12:44:16","slug":"baugebiet-nw-25-ilbenstaedter-strasse-kommt","status":"publish","type":"post","link":"http:\/\/fwg-woellstadt.de\/index.php\/2025\/11\/07\/baugebiet-nw-25-ilbenstaedter-strasse-kommt\/","title":{"rendered":"Baugebiet NW 25 \u201eIlbenst\u00e4dter Stra\u00dfe\u201c kommt"},"content":{"rendered":"\n<p><strong>Weichenstellung f\u00fcr die Zukunft der Gemeinde W\u00f6llstadt<\/strong><\/p>\n\n\n\n<p>Die FWG-Fraktion hat sich in ihrer Gemeindevertretersitzung klar f\u00fcr den Abw\u00e4gungs- und Satzungsbeschluss zum Bebauungsplan ausgesprochen und begr\u00fc\u00dft die Entwicklung der Fl\u00e4che. Mit der Zustimmung zum Abw\u00e4gungs- und Satzungsbeschluss schaffen wir dringend ben\u00f6tigten Wohnraum und sichern die Zukunft unserer Gemeinde. Der st\u00e4dtebauliche Vertrag wurde bereits einstimmig vom Gemeindevorstand beschlossen \u2013 alle formalen Voraussetzungen sind nun erf\u00fcllt.<\/p>\n\n\n\n<p>\u201eDie Planung und Umsetzung einer Fl\u00e4che dieser Gr\u00f6\u00dfenordnung w\u00e4re f\u00fcr die Gemeinde allein kaum realisierbar gewesen \u2013 weder finanziell noch organisatorisch\u201c, betont Fraktionsvorsitzender Gerhard Schlautek. \u201eDurch die Zusammenarbeit mit einem erfahrenen Investor wird eine professionelle und z\u00fcgige Entwicklung erm\u00f6glicht.\u201c Die Lage der Fl\u00e4che \u2013 in unmittelbarer N\u00e4he zur S-Bahn und zur Metropolregion Frankfurt \u2013 bietet ideale Voraussetzungen f\u00fcr eine nachhaltige und zukunftsorientierte Bebauung. Der Regionalverband hat deutlich gemacht, dass diese Fl\u00e4che entwickelt werden muss, bevor der Regionale Fl\u00e4chennutzungsplan fortgeschrieben werden kann. Ohne diese Bebauung w\u00fcrde die Gemeinde keine neuen Entwicklungsfl\u00e4chen erhalten \u2013 ein klarer Nachteil f\u00fcr die langfristige Planung.<\/p>\n\n\n\n<p>\u201eStillstand bedeutet R\u00fcckschritt. Wir wollen gestalten, nicht blockieren\u201c, so die FWG weiter.<\/p>\n\n\n\n<p>\u201eMit diesem Projekt schaffen wir Wohnraum, st\u00e4rken die Infrastruktur und setzen ein klares Zeichen f\u00fcr verantwortungsvolle Kommunalpolitik. Diese Entscheidung ist kein Einzelprojekt, sondern Teil einer langfristigen, nachhaltigen Entwicklung \u2013 die FWG gestaltet diesen Weg aktiv mit.<\/p>\n\n\n\n<p>FWG \u2013 F\u00fcr W\u00f6llstadt gut!<\/p>\n\n\n\n<figure class=\"wp-block-image size-large\"><img loading=\"lazy\" decoding=\"async\" width=\"1024\" height=\"683\" src=\"http:\/\/fwg-woellstadt.de\/wp-content\/uploads\/2025\/11\/Baugebiet_NW_25-1024x683.png\" alt=\"\" class=\"wp-image-2116\" srcset=\"http:\/\/fwg-woellstadt.de\/wp-content\/uploads\/2025\/11\/Baugebiet_NW_25-1024x683.png 1024w, http:\/\/fwg-woellstadt.de\/wp-content\/uploads\/2025\/11\/Baugebiet_NW_25-300x200.png 300w, http:\/\/fwg-woellstadt.de\/wp-content\/uploads\/2025\/11\/Baugebiet_NW_25-768x512.png 768w, http:\/\/fwg-woellstadt.de\/wp-content\/uploads\/2025\/11\/Baugebiet_NW_25.png 1536w\" sizes=\"auto, (max-width: 1024px) 100vw, 1024px\" \/><\/figure>\n","protected":false},"excerpt":{"rendered":"<div class=\"mh-excerpt\"><p>Weichenstellung f\u00fcr die Zukunft der Gemeinde W\u00f6llstadt Die FWG-Fraktion hat sich in ihrer Gemeindevertretersitzung klar f\u00fcr den Abw\u00e4gungs- und Satzungsbeschluss zum Bebauungsplan ausgesprochen und begr\u00fc\u00dft die Entwicklung der Fl\u00e4che. Mit der Zustimmung zum Abw\u00e4gungs- und <a class=\"mh-excerpt-more\" href=\"http:\/\/fwg-woellstadt.de\/index.php\/2025\/11\/07\/baugebiet-nw-25-ilbenstaedter-strasse-kommt\/\" title=\"Baugebiet NW 25 \u201eIlbenst\u00e4dter Stra\u00dfe\u201c kommt\">[&#8230;]<\/a><\/p>\n<\/div>","protected":false},"author":4,"featured_media":2116,"comment_status":"closed","ping_status":"open","sticky":false,"template":"","format":"standard","meta":{"_EventAllDay":false,"_EventTimezone":"","_EventStartDate":"","_EventEndDate":"","_EventStartDateUTC":"","_EventEndDateUTC":"","_EventShowMap":false,"_EventShowMapLink":false,"_EventURL":"","_EventCost":"","_EventCostDescription":"","_EventCurrencySymbol":"","_EventCurrencyCode":"","_EventCurrencyPosition":"","_EventDateTimeSeparator":"","_EventTimeRangeSeparator":"","_EventOrganizerID":[],"_EventVenueID":[],"_OrganizerEmail":"","_OrganizerPhone":"","_OrganizerWebsite":"","_VenueAddress":"","_VenueCity":"","_VenueCountry":"","_VenueProvince":"","_VenueState":"","_VenueZip":"","_VenuePhone":"","_VenueURL":"","_VenueStateProvince":"","_VenueLat":"","_VenueLng":"","_VenueShowMap":false,"_VenueShowMapLink":false,"footnotes":""},"categories":[2],"tags":[],"class_list":["post-2115","post","type-post","status-publish","format-standard","has-post-thumbnail","category-gemeindepolitik"],"_links":{"self":[{"href":"http:\/\/fwg-woellstadt.de\/index.php\/wp-json\/wp\/v2\/posts\/2115","targetHints":{"allow":["GET"]}}],"collection":[{"href":"http:\/\/fwg-woellstadt.de\/index.php\/wp-json\/wp\/v2\/posts"}],"about":[{"href":"http:\/\/fwg-woellstadt.de\/index.php\/wp-json\/wp\/v2\/types\/post"}],"author":[{"embeddable":true,"href":"http:\/\/fwg-woellstadt.de\/index.php\/wp-json\/wp\/v2\/users\/4"}],"replies":[{"embeddable":true,"href":"http:\/\/fwg-woellstadt.de\/index.php\/wp-json\/wp\/v2\/comments?post=2115"}],"version-history":[{"count":1,"href":"http:\/\/fwg-woellstadt.de\/index.php\/wp-json\/wp\/v2\/posts\/2115\/revisions"}],"predecessor-version":[{"id":2117,"href":"http:\/\/fwg-woellstadt.de\/index.php\/wp-json\/wp\/v2\/posts\/2115\/revisions\/2117"}],"wp:featuredmedia":[{"embeddable":true,"href":"http:\/\/fwg-woellstadt.de\/index.php\/wp-json\/wp\/v2\/media\/2116"}],"wp:attachment":[{"href":"http:\/\/fwg-woellstadt.de\/index.php\/wp-json\/wp\/v2\/media?parent=2115"}],"wp:term":[{"taxonomy":"category","embeddable":true,"href":"http:\/\/fwg-woellstadt.de\/index.php\/wp-json\/wp\/v2\/categories?post=2115"},{"taxonomy":"post_tag","embeddable":true,"href":"http:\/\/fwg-woellstadt.de\/index.php\/wp-json\/wp\/v2\/tags?post=2115"}],"curies":[{"name":"wp","href":"https:\/\/api.w.org\/{rel}","templated":true}]}}