{"id":2118,"date":"2025-12-05T06:53:57","date_gmt":"2025-12-05T05:53:57","guid":{"rendered":"http:\/\/fwg-woellstadt.de\/?p=2118"},"modified":"2025-12-05T06:53:58","modified_gmt":"2025-12-05T05:53:58","slug":"die-zahlen-und-fakten-zum-buergerzentrum-bzw-sind-da","status":"publish","type":"post","link":"http:\/\/fwg-woellstadt.de\/index.php\/2025\/12\/05\/die-zahlen-und-fakten-zum-buergerzentrum-bzw-sind-da\/","title":{"rendered":"Die Zahlen und Fakten zum B\u00fcrgerzentrum (BZW) sind da!"},"content":{"rendered":"\n<p>Am 10.12.2025 findet eine B\u00fcrgerversammlung zum Thema B\u00fcrgerzentrum (BZW) statt. Der Gemeindevorstand informiert an diesem Abend umfassend \u00fcber den aktuellen Stand der Planung und die F\u00f6rdermittel. Geplant ist die Errichtung eines Verwaltungsgeb\u00e4udes sowie eines B\u00fcrgerhauses auf dem Grundst\u00fcck Frankfurter Stra\u00dfe 22. Au\u00dferdem soll das bestehende Wohnhaus saniert und in das B\u00fcrgerzentrum integriert werden.<\/p>\n\n\n\n<p>Der bisherige Verlauf<\/p>\n\n\n\n<ul class=\"wp-block-list\">\n<li>Dezember 2022: Die Gemeindevertretung beschlie\u00dft den Kauf des Anwesens.<\/li>\n\n\n\n<li>Mai 2023: FWG und SPD stellen einen gemeinsamen Antrag, die Projektplanung zu beginnen.<\/li>\n\n\n\n<li>Januar 2025: Vorstellung der Planung im Bauausschuss.<\/li>\n\n\n\n<li>April 2025: Beschluss zur Aufstellung des Bebauungsplans als Grundlage f\u00fcr die weitere Planung.<\/li>\n\n\n\n<li>Das Projekt wird \u00fcber das F\u00f6rderprogramm \u201eLebendige Zentren\u201c unterst\u00fctzt.<\/li>\n<\/ul>\n\n\n\n<p>Wie geht es weiter?<\/p>\n\n\n\n<ul class=\"wp-block-list\">\n<li>09.12.2025: Sitzung der Gemeindevertretung mit detaillierten Informationen zum Projekt, einschlie\u00dflich energetischer Einsparungen und Kostenvergleichen.<\/li>\n\n\n\n<li>10.12.2025, 20 Uhr: B\u00fcrgerversammlung im B\u00fcrgerhaus Nieder-W\u00f6llstadt. Nach den Fachvortr\u00e4gen besteht die M\u00f6glichkeit, Fragen zu stellen und Anregungen einzubringen.<\/li>\n<\/ul>\n\n\n\n<p>Die FWG setzt sich seit Beginn f\u00fcr die Realisierung des B\u00fcrgerzentrums ein, weil wir darin eine wichtige Investition in die Zukunft unserer Gemeinde sehen. Wir werden die vorliegenden Zahlen und Fakten sorgf\u00e4ltig pr\u00fcfen, um eine fundierte und objektive Entscheidung treffen zu k\u00f6nnen, wenn die finale Abstimmung in der Gemeindevertretung erfolgt.<\/p>\n\n\n\n<p>Alle B\u00fcrgerinnen und B\u00fcrger sind herzlich eingeladen, sich am 10.12.2025 um 20 Uhr im B\u00fcrgerhaus Nieder-W\u00f6llstadt umfassend zu informieren und ihre Fragen und Anregungen einzubringen. Gemeinsam wollen wir die besten L\u00f6sungen f\u00fcr W\u00f6llstadt finden.<\/p>\n","protected":false},"excerpt":{"rendered":"<div class=\"mh-excerpt\"><p>Am 10.12.2025 findet eine B\u00fcrgerversammlung zum Thema B\u00fcrgerzentrum (BZW) statt. Der Gemeindevorstand informiert an diesem Abend umfassend \u00fcber den aktuellen Stand der Planung und die F\u00f6rdermittel. Geplant ist die Errichtung eines Verwaltungsgeb\u00e4udes sowie eines B\u00fcrgerhauses <a class=\"mh-excerpt-more\" href=\"http:\/\/fwg-woellstadt.de\/index.php\/2025\/12\/05\/die-zahlen-und-fakten-zum-buergerzentrum-bzw-sind-da\/\" title=\"Die Zahlen und Fakten zum B\u00fcrgerzentrum (BZW) sind da!\">[&#8230;]<\/a><\/p>\n<\/div>","protected":false},"author":2,"featured_media":2119,"comment_status":"closed","ping_status":"open","sticky":false,"template":"","format":"standard","meta":{"_EventAllDay":false,"_EventTimezone":"","_EventStartDate":"","_EventEndDate":"","_EventStartDateUTC":"","_EventEndDateUTC":"","_EventShowMap":false,"_EventShowMapLink":false,"_EventURL":"","_EventCost":"","_EventCostDescription":"","_EventCurrencySymbol":"","_EventCurrencyCode":"","_EventCurrencyPosition":"","_EventDateTimeSeparator":"","_EventTimeRangeSeparator":"","_EventOrganizerID":[],"_EventVenueID":[],"_OrganizerEmail":"","_OrganizerPhone":"","_OrganizerWebsite":"","_VenueAddress":"","_VenueCity":"","_VenueCountry":"","_VenueProvince":"","_VenueState":"","_VenueZip":"","_VenuePhone":"","_VenueURL":"","_VenueStateProvince":"","_VenueLat":"","_VenueLng":"","_VenueShowMap":false,"_VenueShowMapLink":false,"footnotes":""},"categories":[2],"tags":[42,87],"class_list":["post-2118","post","type-post","status-publish","format-standard","has-post-thumbnail","category-gemeindepolitik","tag-buergerhaus","tag-rathaus"],"_links":{"self":[{"href":"http:\/\/fwg-woellstadt.de\/index.php\/wp-json\/wp\/v2\/posts\/2118","targetHints":{"allow":["GET"]}}],"collection":[{"href":"http:\/\/fwg-woellstadt.de\/index.php\/wp-json\/wp\/v2\/posts"}],"about":[{"href":"http:\/\/fwg-woellstadt.de\/index.php\/wp-json\/wp\/v2\/types\/post"}],"author":[{"embeddable":true,"href":"http:\/\/fwg-woellstadt.de\/index.php\/wp-json\/wp\/v2\/users\/2"}],"replies":[{"embeddable":true,"href":"http:\/\/fwg-woellstadt.de\/index.php\/wp-json\/wp\/v2\/comments?post=2118"}],"version-history":[{"count":1,"href":"http:\/\/fwg-woellstadt.de\/index.php\/wp-json\/wp\/v2\/posts\/2118\/revisions"}],"predecessor-version":[{"id":2120,"href":"http:\/\/fwg-woellstadt.de\/index.php\/wp-json\/wp\/v2\/posts\/2118\/revisions\/2120"}],"wp:featuredmedia":[{"embeddable":true,"href":"http:\/\/fwg-woellstadt.de\/index.php\/wp-json\/wp\/v2\/media\/2119"}],"wp:attachment":[{"href":"http:\/\/fwg-woellstadt.de\/index.php\/wp-json\/wp\/v2\/media?parent=2118"}],"wp:term":[{"taxonomy":"category","embeddable":true,"href":"http:\/\/fwg-woellstadt.de\/index.php\/wp-json\/wp\/v2\/categories?post=2118"},{"taxonomy":"post_tag","embeddable":true,"href":"http:\/\/fwg-woellstadt.de\/index.php\/wp-json\/wp\/v2\/tags?post=2118"}],"curies":[{"name":"wp","href":"https:\/\/api.w.org\/{rel}","templated":true}]}}