{"id":336,"date":"2020-05-14T18:45:00","date_gmt":"2020-05-14T16:45:00","guid":{"rendered":"http:\/\/fwg-woellstadt.de\/?p=336"},"modified":"2020-08-20T18:45:40","modified_gmt":"2020-08-20T16:45:40","slug":"platzgestaltung-vor-rewe-markt-von-cdu-abgelehnt","status":"publish","type":"post","link":"http:\/\/fwg-woellstadt.de\/index.php\/2020\/05\/14\/platzgestaltung-vor-rewe-markt-von-cdu-abgelehnt\/","title":{"rendered":"Platzgestaltung vor REWE-Markt von CDU abgelehnt"},"content":{"rendered":"\n<p>Gestern fand die zweite H\u00e4lfte des Haupt- und Finanzausschuss statt. Ein FWG-Antrag zur Bedarfsplanung f\u00fcr die Kitas wurde beschlossen. &#8222;Wir wollen hiermit sicherstellen, dass in beiden Ortsteilen ausreichend Pl\u00e4tze vorhanden sind.&#8220;, sagte FWG-Fraktionsvorsitzender Sebastian Briel.In den n\u00e4chsten Jahren stehen viele wichtige Projekte an: Neubau\/Umbau Rathaus, Neubau\/Umbau B\u00fcrgerhaus, Neubau Sporthalle, Umsetzung Spielplatzkonzept und Neubau eines \u00c4rztehauses. Ein FWG-Antrag wollte erreichen, dass ganzheitlich geplant wird. Im Ausschuss konnten wir uns einigen, dass es einen Workshop geben wird, in dem die potenziellen Standorte erarbeitetet werden. &#8222;Das wollten wir mit unserem Antrag erreichen. Wir haben den Antrag deshalb zur\u00fcckgezogen.&#8220;, sagte Briel. Wir regen jedoch an, dass die Bev\u00f6lkerung hierzu einbezogen wird.Die CDU hat f\u00fcr jede Liegenschaft beantragt, dass die Heizungen \u00fcberpr\u00fcft werden. &#8222;Das geht uns nicht weit genug. Wir wollen, dass alle Liegenschaften gesamtenergetisch gepr\u00fcft werden.&#8220; Also nicht nur die Heizung sondern auch Fenster, Au\u00dfend\u00e4mmung, Beleuchtung, etc. Der entsprechende \u00c4nderungsantrag w\u00fcrde von der CDU abgelehnt. Aber nicht aus inhaltlichen Gr\u00fcnden <img loading=\"lazy\" decoding=\"async\" width=\"16\" height=\"16\" alt=\"?\" src=\"https:\/\/static.xx.fbcdn.net\/images\/emoji.php\/v9\/t2e\/1\/16\/1f633.png\"> Der Ausschussvorsitzende Schweitzer sagte wortw\u00f6rtlich: &#8222;Wir (Anmerkung: die CDU) lassen uns hier nichts wegnehmen.&#8220; Schade, dass die CDU nachweislich nur wahltaktisch handelt. Die FWG hatte der CDU noch angeboten einen gemeinsamen Antrag zu schreiben, damit die Bef\u00fcrchtungen von Herrn Schweitzer entkr\u00e4ftigt werden und der Beschluss zu mehr Energieeffizienz gemeinschaftlich erfolgt. Auch auf dieses Angebot hat sich die CDU nicht eingelassen. Schade, dass die CDU offensichtlich schon Wahlkampf macht. Nicht W\u00f6llstadt steht im Vordergrund der Entscheidungen, sondern einzig die Machtinteressen der CDU. Ideen der beiden anderen W\u00f6llst\u00e4dter Parteien werden regelm\u00e4\u00dfig mit fadenscheinigen Begr\u00fcndungen abgelehnt. &#8222;Wir stehen f\u00fcr Sachlichkeit und Politik f\u00fcr W\u00f6llstadt &#8211; f\u00fcr uns ist nicht entscheidend, ob der Antrag von uns, CDU oder SPD kommt, sondern ob der Antrag f\u00fcr W\u00f6llstadt gut ist.&#8220;, sagte Briel.Die CDU fordert, dass das neue Gewerbegebiet klimafreundlich und klimaneutral entwickelt wird. Auch Nachfrage erkl\u00e4rte die CDU, dass klimaneutral in ihrem Sinn bedeutet, dass ein Geb\u00e4ude keine Emissionen erzeugen darf. Diese Einschr\u00e4nkungen k\u00f6nnte sich die CDU auch f\u00fcr Wohngebiete vorstellen. &#8222;Wir sind gegen eine solche Bevormundung der Bauherren und Firmen in W\u00f6llstadt.&#8220;, sagte FWG-Fraktionsvorsitzender Briel.Die FWG hat vorgeschlagen, dass der Platz vor dem REWE-Markt aufgewertet wird. Zum einen soll hier die Bl\u00fchfl\u00e4chen wieder erhalten bleiben. Aber auch Sitzm\u00f6glichkeit, ein kleiner Spielplatz und eine Boule-Bahn soll gebaut werden. Die CDU will dies nicht und hat den Antrag abgelehnt.Alle Punkte m\u00fcssen am 25.5. noch in der Gemeindevertretung behandelt werden.<\/p>\n","protected":false},"excerpt":{"rendered":"<div class=\"mh-excerpt\"><p>Gestern fand die zweite H\u00e4lfte des Haupt- und Finanzausschuss statt. Ein FWG-Antrag zur Bedarfsplanung f\u00fcr die Kitas wurde beschlossen. &#8222;Wir wollen hiermit sicherstellen, dass in beiden Ortsteilen ausreichend Pl\u00e4tze vorhanden sind.&#8220;, sagte FWG-Fraktionsvorsitzender Sebastian Briel.In <a class=\"mh-excerpt-more\" href=\"http:\/\/fwg-woellstadt.de\/index.php\/2020\/05\/14\/platzgestaltung-vor-rewe-markt-von-cdu-abgelehnt\/\" title=\"Platzgestaltung vor REWE-Markt von CDU abgelehnt\">[&#8230;]<\/a><\/p>\n<\/div>","protected":false},"author":2,"featured_media":337,"comment_status":"closed","ping_status":"open","sticky":false,"template":"","format":"standard","meta":{"_EventAllDay":false,"_EventTimezone":"","_EventStartDate":"","_EventEndDate":"","_EventStartDateUTC":"","_EventEndDateUTC":"","_EventShowMap":false,"_EventShowMapLink":false,"_EventURL":"","_EventCost":"","_EventCostDescription":"","_EventCurrencySymbol":"","_EventCurrencyCode":"","_EventCurrencyPosition":"","_EventDateTimeSeparator":"","_EventTimeRangeSeparator":"","_EventOrganizerID":[],"_EventVenueID":[],"_OrganizerEmail":"","_OrganizerPhone":"","_OrganizerWebsite":"","_VenueAddress":"","_VenueCity":"","_VenueCountry":"","_VenueProvince":"","_VenueState":"","_VenueZip":"","_VenuePhone":"","_VenueURL":"","_VenueStateProvince":"","_VenueLat":"","_VenueLng":"","_VenueShowMap":false,"_VenueShowMapLink":false,"footnotes":""},"categories":[2],"tags":[30],"class_list":["post-336","post","type-post","status-publish","format-standard","has-post-thumbnail","category-gemeindepolitik","tag-gemeindeentwicklung"],"_links":{"self":[{"href":"http:\/\/fwg-woellstadt.de\/index.php\/wp-json\/wp\/v2\/posts\/336","targetHints":{"allow":["GET"]}}],"collection":[{"href":"http:\/\/fwg-woellstadt.de\/index.php\/wp-json\/wp\/v2\/posts"}],"about":[{"href":"http:\/\/fwg-woellstadt.de\/index.php\/wp-json\/wp\/v2\/types\/post"}],"author":[{"embeddable":true,"href":"http:\/\/fwg-woellstadt.de\/index.php\/wp-json\/wp\/v2\/users\/2"}],"replies":[{"embeddable":true,"href":"http:\/\/fwg-woellstadt.de\/index.php\/wp-json\/wp\/v2\/comments?post=336"}],"version-history":[{"count":1,"href":"http:\/\/fwg-woellstadt.de\/index.php\/wp-json\/wp\/v2\/posts\/336\/revisions"}],"predecessor-version":[{"id":338,"href":"http:\/\/fwg-woellstadt.de\/index.php\/wp-json\/wp\/v2\/posts\/336\/revisions\/338"}],"wp:featuredmedia":[{"embeddable":true,"href":"http:\/\/fwg-woellstadt.de\/index.php\/wp-json\/wp\/v2\/media\/337"}],"wp:attachment":[{"href":"http:\/\/fwg-woellstadt.de\/index.php\/wp-json\/wp\/v2\/media?parent=336"}],"wp:term":[{"taxonomy":"category","embeddable":true,"href":"http:\/\/fwg-woellstadt.de\/index.php\/wp-json\/wp\/v2\/categories?post=336"},{"taxonomy":"post_tag","embeddable":true,"href":"http:\/\/fwg-woellstadt.de\/index.php\/wp-json\/wp\/v2\/tags?post=336"}],"curies":[{"name":"wp","href":"https:\/\/api.w.org\/{rel}","templated":true}]}}