{"id":532,"date":"2020-10-02T06:32:00","date_gmt":"2020-10-02T04:32:00","guid":{"rendered":"http:\/\/fwg-woellstadt.de\/?p=532"},"modified":"2020-10-21T12:13:03","modified_gmt":"2020-10-21T10:13:03","slug":"sport-und-kulturhalle-schlag-ins-gesicht-der-vereine","status":"publish","type":"post","link":"http:\/\/fwg-woellstadt.de\/index.php\/2020\/10\/02\/sport-und-kulturhalle-schlag-ins-gesicht-der-vereine\/","title":{"rendered":"Sport- und Kulturhalle: &#8222;Schlag ins Gesicht der Vereine&#8220;"},"content":{"rendered":"\n<p><a href=\"http:\/\/fwg-woellstadt.de\/index.php\/2020\/09\/29\/antrag-standortfestlegung-kultur-und-sporthalle-sowie-rathaus\/\" target=\"_blank\" rel=\"noreferrer noopener\">Die Fraktion der Freien W\u00e4hlergemeinschaft hat einen Antrag zur Standortfestlegung eines Rathauses sowie einer Sport- und Kulturhalle gestellt.<\/a> Dieser Antrag wurde von der CDU abgelehnt. In der Gemeindevertretung am Dienstag erkl\u00e4rte die CDU, dass es zu einer Sport- und Kulturhalle bereits einen CDU-Antrag auf eine Machbarkeitsstudie geben w\u00fcrde. &#8222;<a rel=\"noreferrer noopener\" href=\"http:\/\/fwg-woellstadt.de\/index.php\/2020\/09\/30\/fwg-will-sport-und-kulturhalle-auf-der-schulwiese\/\" target=\"_blank\">Au\u00dferdem machte die CDU deutlich, dass sie unserem Antrag nicht zustimmen, weil der Antrag von uns ist.<\/a>&#8222;, \u00e4rgert sich FWG-Fraktionsvorsitzender Sebastian Briel.<\/p>\n\n\n\n<p>In der gestrigen Aussage der Wetterauer Zeitung wurde der CDU-Vorsitzende J\u00fcrgen Schweizer zitiert: &#8222;Der Neubau zwei solcher Projekte \u00fcbersteigt ganz klar unsere finanziellen M\u00f6glichkeiten.&#8220; Weder in der Gemeindevertretung am Dienstag noch in irgendeiner Ausschusssitzung im Vorfeld wurde das Thema Finanzen von der CDU angesprochen. &#8222;Warum m\u00fcssen die Vereine und die B\u00fcrger jetzt aus der Zeitung davon erfahren? Mit ihrer Absoluten Mehrheit hat die CDU das Rathaus durchgedr\u00fcckt und jetzt soll kein Geld mehr f\u00fcr die wichtigen Vereine mehr da sein.&#8220;, kritisierte die FWG-Fraktion.<\/p>\n\n\n\n<p>Genau aus diesem Grund hat sich die FWG-Fraktion immer f\u00fcr eine ganzheitliche Betrachtung eingesetzt, auch dies wurde von der CDU immer abgelehnt. \u201eEin Neubau eines einzelnen Projektes kann nicht losgel\u00f6st von anderen Projekten entschieden werden.\u201c, begr\u00fcndete die FWG-Fraktion den \u00c4nderungsantrag am Dienstag.<\/p>\n\n\n\n<p>Gro\u00dfe Not sieht die FWG im Hinblick f\u00fcr die Nieder-W\u00f6llst\u00e4dter Vereinskultur. B\u00fcrgermeister Roskoni erkl\u00e4rte in der Gemeindevertretung, dass aufgrund einer Versch\u00e4rfung der Brandschutzauflagen im Nieder-W\u00f6llst\u00e4dter B\u00fcrgerhaus ab sofort nur noch deutlich weniger G\u00e4sten eingelassen werden k\u00f6nnen. Somit stehen viele Traditionsveranstaltungen wie die W\u00f6llschter Weiberfassenacht oder die Karneval-Sitzungen des NCV auf der Kippe. Aber auch so manche Vereinsfeier wird nicht mehr m\u00f6glich sein. \u201eDie Vereine wurden bis jetzt nicht mal \u00fcber die neue Situation bzgl. der B\u00fcrgerhausnutzung informiert\u201c, \u00e4rgern sich alle Vertreter der FWG-Fraktion.<\/p>\n\n\n\n<p>Die CDU hat offensichtlich mit keinem Verein, der das B\u00fcrgerhaus nutzt, gesprochen. Der Bedarf der Vereine ist dringend und immens. \u201eOffensichtlich geht es der CDU nicht um eine sachliche Auseinandersetzung zum Wohl der B\u00fcrger und Vereine, sondern ausschlie\u00dflich um den Erhalt ihrer absoluten Mehrheit.\u201c, sagte FWG-Gemeindevertreter Gerhard Schlautek. Die Gemeindevertretung hat am 27.06.2019 &#8211; also vor \u00fcber 15 Monaten &#8211; eine Machbarkeitsstudie f\u00fcr eine Sport- und Kulturhalle beschlossen. Bis heute hat B\u00fcrgermeister Roskoni und der Gemeindevorstand hierzu keine Ergebnisse vorgelegt. &#8222;Am Dienstag erkl\u00e4rte die CDU, dass zun\u00e4chst auf die Ergebnisse der Machbarkeitsstudie gewartet werden soll, weil man nicht \u00fcber die K\u00f6pfe der Vereine hinweg entscheiden will.&#8220;, berichtete die stellvertretende Fraktionsvorsitzende Cornelia Ihl-Wagner. Jetzt ist die bereits im Fr\u00fchling durchgef\u00fchrte Vereinsbefragung offensichtlich wertlos, da die CDU kein Geld mehr f\u00fcr die Sport- und Kulturhalle ausgeben will. &#8222;F\u00fcr die Vereine sowie die Nutzerinnen und Nutzer des B\u00fcrgerhauses ist das Verhalten der CDU ein Schlag ins Gesicht.&#8220;, sagte Briel.<\/p>\n\n\n\n<p>Mit Verwunderung hat die FWG das Verhalten der CDU wahrgenommen. Nachdem in der letzten Bauausschuss-Sitzung in der letzten Woche f\u00fcr die FWG bez\u00fcglich des Neubaus der Verwaltung noch viele Fragen offen blieben, macht die CDU jetzt wieder mal mit Hilfe ihrer absoluten Mehrheit klar, dass diese keinen gesteigerten Wert auf vern\u00fcnftige Sachpolitik legt. Gerade weil es sich auch um eine Investition von 4 bis 5 Millionen handeln wird, m\u00fcssen alle Punkte sauber beleuchtet werden. Die CDU hatte bereits vor dem Ausschuss ihren Antrag f\u00fcr die Festlegung des Standortes des Rathauses gestellt, hierzu im Ausschuss jedoch nichts gesagt. Der Antrag wurde also im Ausschuss nicht behandelt. Jetzt wurde in der Gemeindevertretung keine andere Meinung zugelassen. Und im Anschluss erkl\u00e4rt der CDU-Vorsitzende \u00fcber die Presse, dass es f\u00fcr eine Sport- und Kulturhalle kein Geld mehr geben soll. \u201eSo geht die absolute Mehrheit mit ihrer Machtstellung um. So geht verantwortungsvolle und verl\u00e4ssliche Politik nicht\u201c, kritisiert die FWG-Fraktion.<\/p>\n","protected":false},"excerpt":{"rendered":"<div class=\"mh-excerpt\"><p>Die Fraktion der Freien W\u00e4hlergemeinschaft hat einen Antrag zur Standortfestlegung eines Rathauses sowie einer Sport- und Kulturhalle gestellt. Dieser Antrag wurde von der CDU abgelehnt. In der Gemeindevertretung am Dienstag erkl\u00e4rte die CDU, dass es <a class=\"mh-excerpt-more\" href=\"http:\/\/fwg-woellstadt.de\/index.php\/2020\/10\/02\/sport-und-kulturhalle-schlag-ins-gesicht-der-vereine\/\" title=\"Sport- und Kulturhalle: &#8222;Schlag ins Gesicht der Vereine&#8220;\">[&#8230;]<\/a><\/p>\n<\/div>","protected":false},"author":2,"featured_media":620,"comment_status":"closed","ping_status":"open","sticky":false,"template":"","format":"standard","meta":{"_EventAllDay":false,"_EventTimezone":"","_EventStartDate":"","_EventEndDate":"","_EventStartDateUTC":"","_EventEndDateUTC":"","_EventShowMap":false,"_EventShowMapLink":false,"_EventURL":"","_EventCost":"","_EventCostDescription":"","_EventCurrencySymbol":"","_EventCurrencyCode":"","_EventCurrencyPosition":"","_EventDateTimeSeparator":"","_EventTimeRangeSeparator":"","_EventOrganizerID":[],"_EventVenueID":[],"_OrganizerEmail":"","_OrganizerPhone":"","_OrganizerWebsite":"","_VenueAddress":"","_VenueCity":"","_VenueCountry":"","_VenueProvince":"","_VenueState":"","_VenueZip":"","_VenuePhone":"","_VenueURL":"","_VenueStateProvince":"","_VenueLat":"","_VenueLng":"","_VenueShowMap":false,"_VenueShowMapLink":false,"footnotes":""},"categories":[2],"tags":[42,30,44,43],"class_list":["post-532","post","type-post","status-publish","format-standard","has-post-thumbnail","category-gemeindepolitik","tag-buergerhaus","tag-gemeindeentwicklung","tag-kulturhalle","tag-sporthalle"],"_links":{"self":[{"href":"http:\/\/fwg-woellstadt.de\/index.php\/wp-json\/wp\/v2\/posts\/532","targetHints":{"allow":["GET"]}}],"collection":[{"href":"http:\/\/fwg-woellstadt.de\/index.php\/wp-json\/wp\/v2\/posts"}],"about":[{"href":"http:\/\/fwg-woellstadt.de\/index.php\/wp-json\/wp\/v2\/types\/post"}],"author":[{"embeddable":true,"href":"http:\/\/fwg-woellstadt.de\/index.php\/wp-json\/wp\/v2\/users\/2"}],"replies":[{"embeddable":true,"href":"http:\/\/fwg-woellstadt.de\/index.php\/wp-json\/wp\/v2\/comments?post=532"}],"version-history":[{"count":3,"href":"http:\/\/fwg-woellstadt.de\/index.php\/wp-json\/wp\/v2\/posts\/532\/revisions"}],"predecessor-version":[{"id":566,"href":"http:\/\/fwg-woellstadt.de\/index.php\/wp-json\/wp\/v2\/posts\/532\/revisions\/566"}],"wp:featuredmedia":[{"embeddable":true,"href":"http:\/\/fwg-woellstadt.de\/index.php\/wp-json\/wp\/v2\/media\/620"}],"wp:attachment":[{"href":"http:\/\/fwg-woellstadt.de\/index.php\/wp-json\/wp\/v2\/media?parent=532"}],"wp:term":[{"taxonomy":"category","embeddable":true,"href":"http:\/\/fwg-woellstadt.de\/index.php\/wp-json\/wp\/v2\/categories?post=532"},{"taxonomy":"post_tag","embeddable":true,"href":"http:\/\/fwg-woellstadt.de\/index.php\/wp-json\/wp\/v2\/tags?post=532"}],"curies":[{"name":"wp","href":"https:\/\/api.w.org\/{rel}","templated":true}]}}